{"id":46312,"date":"2025-08-02T11:15:54","date_gmt":"2025-08-02T08:15:54","guid":{"rendered":"https:\/\/www.egemtv.com\/?p=46312"},"modified":"2025-08-02T11:15:55","modified_gmt":"2025-08-02T08:15:55","slug":"cesmede-eglence-mekaninda-silahli-kavga-2-yarali-2-gozalti","status":"publish","type":"post","link":"https:\/\/www.egemtv.com\/?p=46312","title":{"rendered":"\u00c7e\u015fme\u2019de e\u011flence mekan\u0131nda silahl\u0131 kavga: 2 yaral\u0131, 2 g\u00f6zalt\u0131"},"content":{"rendered":"<p>\u0130zmir\u2019in \u00c7e\u015fme il\u00e7esinde bir e\u011flence mekan\u0131nda \u00e7\u0131kan silahl\u0131 kavgada 2 ki\u015fi yaralan\u0131rken olayla ilgili 2 \u015f\u00fcpheli g\u00f6zalt\u0131na al\u0131nd\u0131.<br \/>\n<br \/>Olay, gece saatlerinde Ala\u00e7at\u0131 Mahallesi\u2019nde bulunan bir e\u011flence mekan\u0131nda meydana geldi. Edinilen bilgiye g\u00f6re, M.E.A. (19) ve H.K.A. (19) isimli \u015fah\u0131slarla i\u015fletme \u00e7al\u0131\u015fanlar\u0131 aras\u0131nda hen\u00fcz bilinmeyen bir nedenle tart\u0131\u015fma \u00e7\u0131kt\u0131. K\u0131sa s\u00fcrede b\u00fcy\u00fcyen tart\u0131\u015fma silahl\u0131 kavgaya d\u00f6n\u00fc\u015f\u00fcnce a\u00e7\u0131lan ate\u015f sonucu i\u015fletme sahibi M.A. (39) ve Z.G. (25) bacaklar\u0131ndan vurularak yaraland\u0131. Bu s\u0131rada mekanda bulunan K.E. (20), A.\u0130.T. (20), E.Y. (20), D.B. (21) ve R.B.C. (33) ise panikle ka\u00e7maya \u00e7al\u0131\u015f\u0131rken d\u00fc\u015ferek yerdeki cam k\u0131r\u0131klar\u0131ndan hafif \u015fekilde yaraland\u0131. Durumun bildirilmesi \u00fczerine olay yerine sa\u011fl\u0131k ve polis ekipleri sevk edildi. Yaral\u0131lar, ambulanslarla \u00c7e\u015fme Alper \u00c7izgenakat Devlet Hastanesi\u2019ne kald\u0131r\u0131larak tedavi alt\u0131na al\u0131nd\u0131. Yaral\u0131lar\u0131n hayati tehlikelerinin bulunmad\u0131\u011f\u0131 \u00f6\u011frenildi. Olayla ilgili \u00e7al\u0131\u015fma ba\u015flatan polis ekipleri, silahl\u0131 sald\u0131r\u0131y\u0131 ger\u00e7ekle\u015ftirdi\u011fi de\u011ferlendirilen M.E.A. ve H.K.A.\u2019y\u0131 su\u00e7 aleti tabancayla birlikte olay yerinde yakalayarak g\u00f6zalt\u0131na ald\u0131. \u015e\u00fcphelilerin emniyetteki i\u015flemlerinin s\u00fcrd\u00fc\u011f\u00fc \u00f6\u011frenildi.<br \/>\n<br \/>Olayla ilgili soru\u015fturma devam ediyor.<br \/><\/p>\n","protected":false},"excerpt":{"rendered":"<p>\u0130zmir\u2019in \u00c7e\u015fme il\u00e7esinde bir e\u011flence mekan\u0131nda \u00e7\u0131kan silahl\u0131 kavgada 2 ki\u015fi yaralan\u0131rken olayla ilgili 2 \u015f\u00fcpheli g\u00f6zalt\u0131na al\u0131nd\u0131. Olay, gece saatlerinde Ala\u00e7at\u0131 Mahallesi\u2019nde bulunan bir e\u011flence mekan\u0131nda meydana geldi. Edinilen bilgiye g\u00f6re, M.E.A. (19) ve H.K.A. (19) isimli \u015fah\u0131slarla i\u015fletme \u00e7al\u0131\u015fanlar\u0131 aras\u0131nda hen\u00fcz bilinmeyen bir nedenle tart\u0131\u015fma \u00e7\u0131kt\u0131. K\u0131sa s\u00fcrede b\u00fcy\u00fcyen tart\u0131\u015fma silahl\u0131 kavgaya d\u00f6n\u00fc\u015f\u00fcnce&#8230;<\/p>\n","protected":false},"author":1,"featured_media":46313,"comment_status":"open","ping_status":"open","sticky":false,"template":"","format":"standard","meta":{"_crdt_document":"","footnotes":""},"categories":[5],"tags":[],"class_list":["post-46312","post","type-post","status-publish","format-standard","has-post-thumbnail","hentry","category-asayis"],"_links":{"self":[{"href":"https:\/\/www.egemtv.com\/index.php?rest_route=\/wp\/v2\/posts\/46312","targetHints":{"allow":["GET"]}}],"collection":[{"href":"https:\/\/www.egemtv.com\/index.php?rest_route=\/wp\/v2\/posts"}],"about":[{"href":"https:\/\/www.egemtv.com\/index.php?rest_route=\/wp\/v2\/types\/post"}],"author":[{"embeddable":true,"href":"https:\/\/www.egemtv.com\/index.php?rest_route=\/wp\/v2\/users\/1"}],"replies":[{"embeddable":true,"href":"https:\/\/www.egemtv.com\/index.php?rest_route=%2Fwp%2Fv2%2Fcomments&post=46312"}],"version-history":[{"count":1,"href":"https:\/\/www.egemtv.com\/index.php?rest_route=\/wp\/v2\/posts\/46312\/revisions"}],"predecessor-version":[{"id":46314,"href":"https:\/\/www.egemtv.com\/index.php?rest_route=\/wp\/v2\/posts\/46312\/revisions\/46314"}],"wp:featuredmedia":[{"embeddable":true,"href":"https:\/\/www.egemtv.com\/index.php?rest_route=\/wp\/v2\/media\/46313"}],"wp:attachment":[{"href":"https:\/\/www.egemtv.com\/index.php?rest_route=%2Fwp%2Fv2%2Fmedia&parent=46312"}],"wp:term":[{"taxonomy":"category","embeddable":true,"href":"https:\/\/www.egemtv.com\/index.php?rest_route=%2Fwp%2Fv2%2Fcategories&post=46312"},{"taxonomy":"post_tag","embeddable":true,"href":"https:\/\/www.egemtv.com\/index.php?rest_route=%2Fwp%2Fv2%2Ftags&post=46312"}],"curies":[{"name":"wp","href":"https:\/\/api.w.org\/{rel}","templated":true}]}}