{"id":46309,"date":"2025-08-02T11:15:53","date_gmt":"2025-08-02T08:15:53","guid":{"rendered":"https:\/\/www.egemtv.com\/?p=46309"},"modified":"2025-08-02T11:15:54","modified_gmt":"2025-08-02T08:15:54","slug":"iyilik-hareketi-dernegi-genclik-merkezi-acildi","status":"publish","type":"post","link":"https:\/\/www.egemtv.com\/?p=46309","title":{"rendered":"\u0130yilik Hareketi Derne\u011fi Gen\u00e7lik Merkezi a\u00e7\u0131ld\u0131"},"content":{"rendered":"<p>Afyonkarahisar Valisi Do\u00e7. Dr. K\u00fcbra G\u00fcran Yi\u011fitba\u015f\u0131\u2019n\u0131n kat\u0131l\u0131mlar\u0131yla \u0130\u00e7i\u015fleri Bakanl\u0131\u011f\u0131 Sivil Toplumla \u0130li\u015fkiler Genel M\u00fcd\u00fcrl\u00fc\u011f\u00fc taraf\u0131ndan desteklenen proje \u00e7er\u00e7evesinde kente kazand\u0131r\u0131lan \u0130yilik Hareketi Derne\u011fi Gen\u00e7lik Merkezi\u2019nin a\u00e7\u0131l\u0131\u015f\u0131 ger\u00e7ekle\u015ftirildi.<br \/>\n<br \/>Kafe, k\u00fct\u00fcphane, oyun alan\u0131 ve e-spor e\u011fitim alan\u0131 olarak tasarlanan Gen\u00e7lik Merkezi; gen\u00e7lerin hem sosyal hem de akademik y\u00f6nden geli\u015fimlerine katk\u0131 sunmay\u0131 ama\u00e7l\u0131yor. Afyon Kocatepe \u00dcniversitesi ve \u0130l Milli E\u011fitim M\u00fcd\u00fcrl\u00fc\u011f\u00fc ile yap\u0131lan protokol kapsam\u0131nda, merkezde gen\u00e7lere de\u011ferler e\u011fitimi de verilecek.<br \/>\n<br \/>\u0130lk etapta 120 \u00f6\u011frenciye hizmet verecek olan merkezde, kapasitenin ilerleyen d\u00f6nemde 200 ki\u015fiye \u00e7\u0131kar\u0131lmas\u0131 hedefleniyor. Gen\u00e7ler, bo\u015f vakitlerini g\u00fcvenli bir ortamda de\u011ferlendirmenin yan\u0131 s\u0131ra robotik kodlama, yapay zeka kullan\u0131m\u0131 ve yabanc\u0131 dil e\u011fitimi gibi alanlarda da bilgi sahibi olma imkan\u0131 bulacak.<br \/><\/p>\n","protected":false},"excerpt":{"rendered":"<p>Afyonkarahisar Valisi Do\u00e7. Dr. K\u00fcbra G\u00fcran Yi\u011fitba\u015f\u0131\u2019n\u0131n kat\u0131l\u0131mlar\u0131yla \u0130\u00e7i\u015fleri Bakanl\u0131\u011f\u0131 Sivil Toplumla \u0130li\u015fkiler Genel M\u00fcd\u00fcrl\u00fc\u011f\u00fc taraf\u0131ndan desteklenen proje \u00e7er\u00e7evesinde kente kazand\u0131r\u0131lan \u0130yilik Hareketi Derne\u011fi Gen\u00e7lik Merkezi\u2019nin a\u00e7\u0131l\u0131\u015f\u0131 ger\u00e7ekle\u015ftirildi. Kafe, k\u00fct\u00fcphane, oyun alan\u0131 ve e-spor e\u011fitim alan\u0131 olarak tasarlanan Gen\u00e7lik Merkezi; gen\u00e7lerin hem sosyal hem de akademik y\u00f6nden geli\u015fimlerine katk\u0131 sunmay\u0131 ama\u00e7l\u0131yor. Afyon Kocatepe \u00dcniversitesi ve&#8230;<\/p>\n","protected":false},"author":1,"featured_media":46310,"comment_status":"open","ping_status":"open","sticky":false,"template":"","format":"standard","meta":{"_crdt_document":"","footnotes":""},"categories":[1],"tags":[],"class_list":["post-46309","post","type-post","status-publish","format-standard","has-post-thumbnail","hentry","category-guncel"],"_links":{"self":[{"href":"https:\/\/www.egemtv.com\/index.php?rest_route=\/wp\/v2\/posts\/46309","targetHints":{"allow":["GET"]}}],"collection":[{"href":"https:\/\/www.egemtv.com\/index.php?rest_route=\/wp\/v2\/posts"}],"about":[{"href":"https:\/\/www.egemtv.com\/index.php?rest_route=\/wp\/v2\/types\/post"}],"author":[{"embeddable":true,"href":"https:\/\/www.egemtv.com\/index.php?rest_route=\/wp\/v2\/users\/1"}],"replies":[{"embeddable":true,"href":"https:\/\/www.egemtv.com\/index.php?rest_route=%2Fwp%2Fv2%2Fcomments&post=46309"}],"version-history":[{"count":1,"href":"https:\/\/www.egemtv.com\/index.php?rest_route=\/wp\/v2\/posts\/46309\/revisions"}],"predecessor-version":[{"id":46311,"href":"https:\/\/www.egemtv.com\/index.php?rest_route=\/wp\/v2\/posts\/46309\/revisions\/46311"}],"wp:featuredmedia":[{"embeddable":true,"href":"https:\/\/www.egemtv.com\/index.php?rest_route=\/wp\/v2\/media\/46310"}],"wp:attachment":[{"href":"https:\/\/www.egemtv.com\/index.php?rest_route=%2Fwp%2Fv2%2Fmedia&parent=46309"}],"wp:term":[{"taxonomy":"category","embeddable":true,"href":"https:\/\/www.egemtv.com\/index.php?rest_route=%2Fwp%2Fv2%2Fcategories&post=46309"},{"taxonomy":"post_tag","embeddable":true,"href":"https:\/\/www.egemtv.com\/index.php?rest_route=%2Fwp%2Fv2%2Ftags&post=46309"}],"curies":[{"name":"wp","href":"https:\/\/api.w.org\/{rel}","templated":true}]}}