{"id":46306,"date":"2025-08-02T10:54:53","date_gmt":"2025-08-02T07:54:53","guid":{"rendered":"https:\/\/www.egemtv.com\/?p=46306"},"modified":"2025-08-02T10:54:53","modified_gmt":"2025-08-02T07:54:53","slug":"buharkentin-vizyon-projesi-hizmete-acildi","status":"publish","type":"post","link":"https:\/\/www.egemtv.com\/?p=46306","title":{"rendered":"Buharkent\u2019in vizyon projesi hizmete a\u00e7\u0131ld\u0131"},"content":{"rendered":"<p>Ayd\u0131n\u2019\u0131n Buharkent il\u00e7esinde uzun y\u0131llard\u0131r yap\u0131m\u0131 engellenen vizyon projesi olarak haf\u0131zalarda yer edinen Kapal\u0131 Pazar Yeri ve Katl\u0131 Otopark tamamlanarak hizmete a\u00e7\u0131ld\u0131.<\/p>\n<p>\u0130l\u00e7e merkezinde yer alan \u0130stiklal \u0130lk\u00f6\u011fretim Okulunun depreme dayan\u0131ks\u0131z olmas\u0131 nedeniyle Buharkent Belediyesi ve Milli E\u011fitim Bakanl\u0131\u011f\u0131 aras\u0131nda yap\u0131lan protokol\u00fcn ard\u0131ndan belediyeye devredilen alanda 3 kattan olu\u015fan 2 bin 500 metrekarelik alan \u00fczerine oturan 7 bin 500 metrekarelik in\u015faat alan\u0131na sahip modern kapal\u0131 pazaryeri ve katl\u0131 otopark i\u00e7in ilk har\u00e7 2024 y\u0131l\u0131 \u015fubat ay\u0131 ba\u015f\u0131nda at\u0131lm\u0131\u015ft\u0131. \u0130l\u00e7e merkezinde Cuma g\u00fcnleri kurulan ve b\u00f6lgedeki \u00fcreticilerle t\u00fcketicileri bir araya getiren eski pazaryeri ge\u00e7en hafta son kez kurulmu\u015ftu. Bu haftaki pazaryeri ise yakla\u015f\u0131k bir bu\u00e7uk y\u0131lda yap\u0131m\u0131n\u0131n tamamlanmas\u0131n\u0131n ard\u0131ndan vatanda\u015flar yeni pazaryerinde ilk al\u0131\u015fveri\u015fini yapt\u0131.<\/p>\n<p>Vatanda\u015flar\u0131n da merakla bekledi\u011fi pazaryerinde hem\u015ferileri ile bir araya gelen Buharkent Belediye Ba\u015fkan\u0131 Mehmet Erol, \u015fehrin \u00e7ehresini de\u011fi\u015ftirecek vizyon projeyi tamamlad\u0131klar\u0131 i\u00e7in duydu\u011fu mutlulu\u011fu ifade etti. Ba\u015fkan Erol; &#8220;Buharkent\u2019in en \u00f6nemli projelerinden bir tanesi olan Pazaryeri projesini 8. ihalede ger\u00e7ekle\u015ftirebildik. Yakla\u015f\u0131k bir bu\u00e7uk y\u0131l \u00f6nce temelini att\u0131\u011f\u0131m\u0131z ve bug\u00fcn hizmete a\u00e7\u0131lan pazaryerimizdi gezmenin b\u00fcy\u00fck mutlulu\u011funu ya\u015f\u0131yoruz. Buharkent kapal\u0131 pazar yeri ve katl\u0131 otopark\u0131m\u0131z, Buharkent\u2019in gelece\u011fi i\u00e7in \u00f6nemli bir yat\u0131r\u0131md\u0131r. Bu projenin tamamlanmas\u0131yla birlikte, Buharkent\u2019in ekonomisi ve sosyal hayat\u0131 daha da g\u00fc\u00e7lenecektir. Pazar yerimiz ile birlikte kent meydan\u0131 projemiz de hayata ge\u00e7irilecek. \u0130l\u00e7e halk\u0131m\u0131za hay\u0131rl\u0131, u\u011furlu olsun&#8221; dedi.<\/p>\n<p>8 kez ihaleye \u00e7\u0131kt\u0131<br \/>\n<br \/>Projenin uzun y\u0131llar muhalefet taraf\u0131ndan engellendi\u011fini ancak 8. ihalede sonuca gidildi\u011fini ifade eden Ba\u015fkan Erol: &#8220;Bu projemiz de hem\u015ferilerimize hay\u0131rl\u0131 u\u011furlu olsun. Hem esnaf\u0131m\u0131z hem de al\u0131\u015fveri\u015fini yapan vatanda\u015flar\u0131m\u0131z i\u00e7in hay\u0131rl\u0131 olsun. 3 kattan olu\u015fan 2 bin 500 metrekarelik kapal\u0131 alan \u00fczerine oturan 7 bin 500 metrekarelik in\u015faat alan\u0131na sahip modern kapal\u0131 pazaryeri ve katl\u0131 otopark olarak in\u015fa ettik. Pazar\u0131m\u0131z\u0131 buraya ta\u015f\u0131yarak sokaklar\u0131m\u0131z\u0131 ve caddelerimizi bo\u015faltm\u0131\u015f olduk. \u00d6te yandan \u00e7ad\u0131r kurma kald\u0131rma derdinden de kurtarm\u0131\u015f olduk. Bu proje asl\u0131nda imkans\u0131z gibi bir \u015feydi. Bu proje, 2014 se\u00e7imlerinde vaat etti\u011fimiz bir projeydi. Buharkent Merkez 2324 parselde kay\u0131tl\u0131 2 bin 553 metrekare alana sahip eski \u0130stiklal \u0130lkokulunun arsas\u0131 belediyemize devroldu. Onun kar\u015f\u0131l\u0131\u011f\u0131nda da Milli E\u011fitim M\u00fcd\u00fcrl\u00fc\u011f\u00fcne 24 derslikli Anadolu Lisesi yapt\u0131k. Tabii ki 2019 y\u0131l\u0131 se\u00e7imlerinden \u00f6nce de in\u015faata ba\u015flamak amac\u0131yla bor\u00e7lanma i\u00e7in belediye meclisimize ba\u015fvurmu\u015ftuk. Ancak salt \u00e7o\u011funlu\u011fumuz olmad\u0131\u011f\u0131 i\u00e7in muhalefetten destek alamad\u0131k ve maalesef proje yine kald\u0131 ve proje engellendi. 2019 sonras\u0131nda da okul ve pazaryeri i\u00e7in bor\u00e7lanmaya yine engel olmak istediler ve ret oyu kulland\u0131lar. Ama bu sefer say\u0131lar\u0131 yeterli olmad\u0131\u011f\u0131 i\u00e7in projeyi onaylatt\u0131k. Bu kez muhalefet ba\u015far\u0131ya ula\u015famad\u0131. 6 milyon TL bor\u00e7lanma ile 5 sene \u00f6nce yap\u0131lacak bir projeyi biz 5 sene gecikmeli ba\u015flad\u0131k. O d\u00f6nemde 6 milyon TL iken projeye ba\u015flad\u0131\u011f\u0131m\u0131zda yakla\u015f\u0131k 80 milyonluk bir maliyet s\u00f6z konusu oldu. Dolay\u0131s\u0131yla belediyemiz b\u00fct\u00e7esine maalesef b\u00f6yle bir ekstra y\u00fck getirmi\u015f oldu. Ancak zoru ba\u015fard\u0131k ve bir bu\u00e7uk sene \u00f6nce temelini att\u0131\u011f\u0131m\u0131z Sel\u00e7uklu Mimarisine sahip pazaryerimiz bug\u00fcn hizmete ba\u015flad\u0131. Vatanda\u015flar\u0131m\u0131za hay\u0131rl\u0131 u\u011furlu olsun&#8221; \u015feklinde konu\u015ftu.<\/p>\n<p>Ba\u015fkan Erol\u2019dan ikinci m\u00fcjde<br \/>\n<br \/>Konu\u015fmas\u0131n\u0131n sonunda ikinci m\u00fcjdeyi de veren Ba\u015fkan Erol; &#8220;Pazaryerimizin tamamlanmas\u0131n\u0131n hemen ard\u0131ndan bu projeyle ba\u011flant\u0131l\u0131 olan ikinci projemizi de hayata ge\u00e7irece\u011fiz. Bu birbirini takip eden 2 vizyon proje. Eski pazar\u0131n kuruldu\u011fu meydan\u0131 d\u00fczenleyerek son derece modern bir kent meydan\u0131 yapaca\u011f\u0131z. \u0130n\u015fallah \u00f6n\u00fcm\u00fczdeki sene bu binam\u0131za yak\u0131\u015f\u0131r kent meydan\u0131m\u0131z\u0131 kazand\u0131raca\u011f\u0131z. \u0130n\u015fallah \u00f6n\u00fcm\u00fczdeki d\u00f6nemde kent meydan\u0131m\u0131zda in\u015fallah hep beraber otururuz. Tekrardan halk\u0131m\u0131za hay\u0131rl\u0131 ve u\u011furlu olsun&#8221; dedi.<\/p>\n<p>Buharkent\u2019in yeni pazaryerinde al\u0131\u015fveri\u015fini yapan vatanda\u015flar da tozdan, ya\u011fmurdan, s\u0131caktan ve so\u011fuktan kurtard\u0131\u011f\u0131 i\u00e7in Belediye Ba\u015fkan\u0131 Mehmet Erol\u2019a te\u015fekk\u00fcr etti.<br \/><\/p>\n","protected":false},"excerpt":{"rendered":"<p>Ayd\u0131n\u2019\u0131n Buharkent il\u00e7esinde uzun y\u0131llard\u0131r yap\u0131m\u0131 engellenen vizyon projesi olarak haf\u0131zalarda yer edinen Kapal\u0131 Pazar Yeri ve Katl\u0131 Otopark tamamlanarak hizmete a\u00e7\u0131ld\u0131. \u0130l\u00e7e merkezinde yer alan \u0130stiklal \u0130lk\u00f6\u011fretim Okulunun depreme dayan\u0131ks\u0131z olmas\u0131 nedeniyle Buharkent Belediyesi ve Milli E\u011fitim Bakanl\u0131\u011f\u0131 aras\u0131nda yap\u0131lan protokol\u00fcn ard\u0131ndan belediyeye devredilen alanda 3 kattan olu\u015fan 2 bin 500 metrekarelik alan \u00fczerine&#8230;<\/p>\n","protected":false},"author":1,"featured_media":46307,"comment_status":"open","ping_status":"open","sticky":false,"template":"","format":"standard","meta":{"_crdt_document":"","footnotes":""},"categories":[1],"tags":[],"class_list":["post-46306","post","type-post","status-publish","format-standard","has-post-thumbnail","hentry","category-guncel"],"_links":{"self":[{"href":"https:\/\/www.egemtv.com\/index.php?rest_route=\/wp\/v2\/posts\/46306","targetHints":{"allow":["GET"]}}],"collection":[{"href":"https:\/\/www.egemtv.com\/index.php?rest_route=\/wp\/v2\/posts"}],"about":[{"href":"https:\/\/www.egemtv.com\/index.php?rest_route=\/wp\/v2\/types\/post"}],"author":[{"embeddable":true,"href":"https:\/\/www.egemtv.com\/index.php?rest_route=\/wp\/v2\/users\/1"}],"replies":[{"embeddable":true,"href":"https:\/\/www.egemtv.com\/index.php?rest_route=%2Fwp%2Fv2%2Fcomments&post=46306"}],"version-history":[{"count":1,"href":"https:\/\/www.egemtv.com\/index.php?rest_route=\/wp\/v2\/posts\/46306\/revisions"}],"predecessor-version":[{"id":46308,"href":"https:\/\/www.egemtv.com\/index.php?rest_route=\/wp\/v2\/posts\/46306\/revisions\/46308"}],"wp:featuredmedia":[{"embeddable":true,"href":"https:\/\/www.egemtv.com\/index.php?rest_route=\/wp\/v2\/media\/46307"}],"wp:attachment":[{"href":"https:\/\/www.egemtv.com\/index.php?rest_route=%2Fwp%2Fv2%2Fmedia&parent=46306"}],"wp:term":[{"taxonomy":"category","embeddable":true,"href":"https:\/\/www.egemtv.com\/index.php?rest_route=%2Fwp%2Fv2%2Fcategories&post=46306"},{"taxonomy":"post_tag","embeddable":true,"href":"https:\/\/www.egemtv.com\/index.php?rest_route=%2Fwp%2Fv2%2Ftags&post=46306"}],"curies":[{"name":"wp","href":"https:\/\/api.w.org\/{rel}","templated":true}]}}