{"id":46162,"date":"2025-08-01T15:15:20","date_gmt":"2025-08-01T12:15:20","guid":{"rendered":"https:\/\/www.egemtv.com\/?p=46162"},"modified":"2025-08-01T15:15:21","modified_gmt":"2025-08-01T12:15:21","slug":"taris-uzum-alimi-oncesi-avans-alim-fiyatini-aciklayacak","status":"publish","type":"post","link":"https:\/\/www.egemtv.com\/?p=46162","title":{"rendered":"TAR\u0130\u015e, \u00fcz\u00fcm al\u0131m\u0131 \u00f6ncesi avans al\u0131m fiyat\u0131n\u0131 a\u00e7\u0131klayacak"},"content":{"rendered":"<p>TAR\u0130\u015e \u00dcz\u00fcm Birli\u011fi Ba\u015fkan\u0131 Ferhat \u015een, bu sezon \u00fcz\u00fcm al\u0131m\u0131 \u00f6ncesinde avans fiyat\u0131 a\u00e7\u0131klamas\u0131 yapacaklar\u0131n\u0131 duyurdu. Manisa\u2019n\u0131n Ala\u015fehir il\u00e7esinde konu\u015fan Ba\u015fkan \u015een, &#8220;Buradan t\u00fcm kamuoyuna bildirmek istiyorum. Bu karar, sahadan gelen seslere kulak verilerek, \u00fcreticinin yan\u0131nda olma ilkemizin bir tezah\u00fcr\u00fcd\u00fcr.&#8221; dedi.<br \/>\n<br \/>TAR\u0130\u015e \u00dcz\u00fcm Birli\u011fi Ba\u015fkan\u0131 Ferhat \u015een, birlik y\u00f6netim kurulu \u00fcyelerinin de kat\u0131ld\u0131\u011f\u0131 bir bas\u0131n toplant\u0131s\u0131 d\u00fczenledi. TAR\u0130\u015e Ala\u015fehir Alkol ve Pekmez \u0130\u015fletmesinde ger\u00e7ekle\u015fen toplant\u0131da konu\u015fan Ba\u015fkan \u015een, 2025 y\u0131l\u0131 \u00fcz\u00fcm al\u0131m\u0131nda fiyat a\u00e7\u0131klamas\u0131 yerine nakit al\u0131m avans fiyat\u0131n\u0131 uygulayacaklar\u0131n\u0131 s\u00f6yledi.<br \/>\n<br \/>Ald\u0131klar\u0131 karar\u0131n \u00fcreticilerin menfaatini korumak ad\u0131na ve isti\u015fareler sonucunda al\u0131nd\u0131\u011f\u0131n\u0131 ifade eden Ba\u015fkan \u015een, &#8220;G\u00f6reve geldi\u011fimiz g\u00fcnden itibaren, 1 A\u011fustos tarihinde a\u00e7\u0131klanan \u00fcz\u00fcm avans fiyatlar\u0131m\u0131z hakk\u0131nda, bu y\u0131l \u00fcretici ortaklar\u0131m\u0131zla ger\u00e7ekle\u015ftirdi\u011fimiz kapsaml\u0131 isti\u015fareler sonucunda \u00f6nemli bir karar alm\u0131\u015f bulunmaktay\u0131z. Kooperatif Y\u00f6netim Kurulu \u00fcyeleri ve delegeleri yan\u0131nda, sahada s\u00fcrekli beraber oldu\u011fumuz \u00fcretici ortaklar\u0131m\u0131zla b\u00fct\u00fcn bu veriler \u0131\u015f\u0131\u011f\u0131nda yapt\u0131\u011f\u0131m\u0131z de\u011ferlendirmeler sonucunda; 2025 y\u0131l\u0131 \u00fcr\u00fcn al\u0131m politikam\u0131z\u0131 olu\u015fturduk. Buna g\u00f6re \u00fcretici ortaklar\u0131m\u0131z\u0131n menfaati i\u00e7in, birli\u011fimizin s\u00fcrd\u00fcr\u00fclebilirli\u011fini koruma anlay\u0131\u015f\u0131 i\u00e7erisinde hareket ederek; \u015fu an itibariyle 2025 y\u0131l\u0131 \u00fcr\u00fcn al\u0131m avans fiyat\u0131n\u0131 a\u00e7\u0131klamama karar\u0131 ald\u0131\u011f\u0131m\u0131z\u0131, ancak piyasay\u0131 s\u00fcrekli takip ederek, \u00fcz\u00fcm al\u0131m\u0131 \u00f6ncesinde avans fiyat\u0131 a\u00e7\u0131klamas\u0131 yapaca\u011f\u0131m\u0131z\u0131 buradan t\u00fcm kamuoyuna bildirmek istiyorum. Bu karar, sahadan gelen seslere kulak verilerek, \u00fcreticinin yan\u0131nda olma ilkemizin bir tezah\u00fcr\u00fcd\u00fcr.&#8221; diye konu\u015ftu.<br \/>\n<br \/>TAR\u0130\u015e olarak, gece g\u00fcnd\u00fcz demeden \u00fcreticilerin haklar\u0131n\u0131 ve refah\u0131n\u0131 g\u00f6zetmek i\u00e7in \u00e7al\u0131\u015fmaya devam ettiklerini kaydeden Ba\u015fkan \u015een a\u00e7\u0131klamas\u0131n\u0131 \u015f\u00f6yle tamamlad\u0131: &#8220;Kurum k\u00fclt\u00fcr\u00fcm\u00fcz\u00fcn temel ta\u015f\u0131 olan \u015feffafl\u0131k ilkesinden asla taviz vermeden, ortaklar\u0131m\u0131z\u0131 dinliyor ve onlar\u0131n fikirlerine k\u0131ymet veriyoruz. Al\u0131nan bu karar\u0131n t\u00fcm \u00fcretici ve ortaklar\u0131m\u0131za hay\u0131rlar getirmesini temenni ediyor, kamuoyunun bilgisine sayg\u0131yla sunuyorum.&#8221;<br \/><\/p>\n","protected":false},"excerpt":{"rendered":"<p>TAR\u0130\u015e \u00dcz\u00fcm Birli\u011fi Ba\u015fkan\u0131 Ferhat \u015een, bu sezon \u00fcz\u00fcm al\u0131m\u0131 \u00f6ncesinde avans fiyat\u0131 a\u00e7\u0131klamas\u0131 yapacaklar\u0131n\u0131 duyurdu. Manisa\u2019n\u0131n Ala\u015fehir il\u00e7esinde konu\u015fan Ba\u015fkan \u015een, &#8220;Buradan t\u00fcm kamuoyuna bildirmek istiyorum. Bu karar, sahadan gelen seslere kulak verilerek, \u00fcreticinin yan\u0131nda olma ilkemizin bir tezah\u00fcr\u00fcd\u00fcr.&#8221; dedi. TAR\u0130\u015e \u00dcz\u00fcm Birli\u011fi Ba\u015fkan\u0131 Ferhat \u015een, birlik y\u00f6netim kurulu \u00fcyelerinin de kat\u0131ld\u0131\u011f\u0131 bir bas\u0131n&#8230;<\/p>\n","protected":false},"author":1,"featured_media":46163,"comment_status":"open","ping_status":"open","sticky":false,"template":"","format":"standard","meta":{"_crdt_document":"","footnotes":""},"categories":[125],"tags":[],"class_list":["post-46162","post","type-post","status-publish","format-standard","has-post-thumbnail","hentry","category-ekonomi"],"_links":{"self":[{"href":"https:\/\/www.egemtv.com\/index.php?rest_route=\/wp\/v2\/posts\/46162","targetHints":{"allow":["GET"]}}],"collection":[{"href":"https:\/\/www.egemtv.com\/index.php?rest_route=\/wp\/v2\/posts"}],"about":[{"href":"https:\/\/www.egemtv.com\/index.php?rest_route=\/wp\/v2\/types\/post"}],"author":[{"embeddable":true,"href":"https:\/\/www.egemtv.com\/index.php?rest_route=\/wp\/v2\/users\/1"}],"replies":[{"embeddable":true,"href":"https:\/\/www.egemtv.com\/index.php?rest_route=%2Fwp%2Fv2%2Fcomments&post=46162"}],"version-history":[{"count":1,"href":"https:\/\/www.egemtv.com\/index.php?rest_route=\/wp\/v2\/posts\/46162\/revisions"}],"predecessor-version":[{"id":46164,"href":"https:\/\/www.egemtv.com\/index.php?rest_route=\/wp\/v2\/posts\/46162\/revisions\/46164"}],"wp:featuredmedia":[{"embeddable":true,"href":"https:\/\/www.egemtv.com\/index.php?rest_route=\/wp\/v2\/media\/46163"}],"wp:attachment":[{"href":"https:\/\/www.egemtv.com\/index.php?rest_route=%2Fwp%2Fv2%2Fmedia&parent=46162"}],"wp:term":[{"taxonomy":"category","embeddable":true,"href":"https:\/\/www.egemtv.com\/index.php?rest_route=%2Fwp%2Fv2%2Fcategories&post=46162"},{"taxonomy":"post_tag","embeddable":true,"href":"https:\/\/www.egemtv.com\/index.php?rest_route=%2Fwp%2Fv2%2Ftags&post=46162"}],"curies":[{"name":"wp","href":"https:\/\/api.w.org\/{rel}","templated":true}]}}