{"id":4616,"date":"2025-01-07T19:59:35","date_gmt":"2025-01-07T16:59:35","guid":{"rendered":"https:\/\/www.egemtv.com\/?p=4616"},"modified":"2025-01-07T19:59:42","modified_gmt":"2025-01-07T16:59:42","slug":"mugla-eah-otopark-kapasitesi-bin-220ye-cikti","status":"publish","type":"post","link":"https:\/\/www.egemtv.com\/?p=4616","title":{"rendered":"Mu\u011fla EAH otopark kapasitesi Bin 220\u2019ye \u00e7\u0131kt\u0131"},"content":{"rendered":"<p>AK Parti Mu\u011fla \u0130l Ba\u015fkan\u0131 Haluk La\u00e7in, Mu\u011flal\u0131lar\u0131n uzun s\u00fcredir bekledi\u011fi, Mu\u011fla E\u011fitim Ara\u015ft\u0131rma Hastanesine gelen vatanda\u015flar\u0131n dert yand\u0131\u011f\u0131 otopark sorunun a\u015f\u0131ld\u0131\u011f\u0131n\u0131 ve hastanenin \u00fcst k\u0131sm\u0131nda yer alan otopark\u0131n faaliyete ge\u00e7ti\u011fi m\u00fcjdesini verdi.<br \/>\n<br \/>AK Parti Mu\u011fla \u0130l Ba\u015fkan\u0131 Haluk La\u00e7in, Mu\u011fla E\u011fitim Ara\u015ft\u0131rma Hastanesine Mu\u011fla\u2019n\u0131n farkl\u0131 il\u00e7elerinden gelen vatanda\u015flar\u0131n dert yand\u0131\u011f\u0131 otopark sorununun a\u015f\u0131ld\u0131\u011f\u0131n\u0131 ve hastanenin \u00fcst k\u0131sm\u0131nda yer alan otopark\u0131n faaliyete ge\u00e7ti\u011fi bilgisini verdi. La\u00e7in, s\u00fcrecin AK Parti Mu\u011fla \u0130l Ba\u015fkanl\u0131\u011f\u0131n\u0131n koordinesinde, B\u00f6lge Milletvekilleri, Sa\u011fl\u0131k Bakanl\u0131\u011f\u0131 ve Mu\u011fla E\u011fitim Ara\u015ft\u0131rma Hastanesi y\u00f6netimi taraf\u0131ndan takip edildi\u011fine i\u015faret ederek, s\u00fcre\u00e7te eme\u011fi ge\u00e7enlere te\u015fekk\u00fcr etti.<br \/>\n<br \/>La\u00e7in yapt\u0131\u011f\u0131 a\u00e7\u0131klamada, \u201cMu\u011fla E\u011fitim Ara\u015ft\u0131rma Hastanesi yetkililerinin, ya\u015fanan otopark sorununu \u00e7\u00f6zmek amac\u0131yla hayata ge\u00e7irdi\u011fi proje tamamland\u0131 ve hizmete a\u00e7\u0131ld\u0131. Otopark\u0131n, y\u00f6n tabelalar\u0131 hafta i\u00e7inde haz\u0131r hale gelecek. Hizmete a\u00e7\u0131lan Mu\u011fla E\u011fitim Ara\u015ft\u0131rma Hastanesi yeni otopark alan\u0131 ile hastane \u00e7evresindeki trafik yo\u011funlu\u011funun azalmas\u0131yla hasta, hasta yak\u0131n\u0131 ve \u00e7al\u0131\u015fan personel memnuniyetinin sa\u011flanmas\u0131n\u0131 hedefliyoruz\u201d dedi.<br \/>\n<br \/>AK Parti Mu\u011fla \u0130l Ba\u015fkan\u0131 Haluk La\u00e7in, Mu\u011fla E\u011fitim Ara\u015ft\u0131rma Hastanesinin otopark kapasitesinin Bin 220\u2019ye ula\u015ft\u0131\u011f\u0131n\u0131, ayr\u0131ca Yata\u011fan \u0130l\u00e7esinde bulunan ve ge\u00e7ti\u011fimiz g\u00fcnlerde Mu\u011fla E\u011fitim Ara\u015ft\u0131rma Hastanesine ba\u011flanan Yata\u011fan Devlet Hastanesinin de 225 a\u00e7\u0131k, 100 kapal\u0131 olmak \u00fczere toplam 325 ara\u00e7l\u0131k otopark kapasitesine sahip oldu\u011funu, her 2 hastanedeki otopark ara\u00e7 kapasitesinin ise Bin 545\u2019e ula\u015ft\u0131\u011f\u0131n\u0131 a\u00e7\u0131klad\u0131.<br \/>\n<br \/><img fetchpriority=\"high\" decoding=\"async\" width=\"1280\" height=\"598\" src=\"https:\/\/www.egemtv.com\/wp-content\/uploads\/2025\/01\/mugla-eah-otopark-kapasitesi-bin-220ye-cikti_9b68d59de1a9.jpg\" class=\"attachment-full size-full not-transparent\" alt=\"\" data-has-transparency=\"false\" data-dominant-color=\"838487\" style=\"--dominant-color: #838487\" \/><img decoding=\"async\" width=\"1278\" height=\"1600\" src=\"https:\/\/www.egemtv.com\/wp-content\/uploads\/2025\/01\/mugla-eah-otopark-kapasitesi-bin-220ye-cikti_41c2b2c42b0f.jpg\" class=\"attachment-full size-full not-transparent\" alt=\"\" data-has-transparency=\"false\" data-dominant-color=\"564b4f\" style=\"--dominant-color: #564b4f\" \/><\/p>\n","protected":false},"excerpt":{"rendered":"<p>AK Parti Mu\u011fla \u0130l Ba\u015fkan\u0131 Haluk La\u00e7in, Mu\u011flal\u0131lar\u0131n uzun s\u00fcredir bekledi\u011fi, Mu\u011fla E\u011fitim Ara\u015ft\u0131rma Hastanesine gelen vatanda\u015flar\u0131n dert yand\u0131\u011f\u0131 otopark sorunun a\u015f\u0131ld\u0131\u011f\u0131n\u0131 ve hastanenin \u00fcst k\u0131sm\u0131nda yer alan otopark\u0131n faaliyete ge\u00e7ti\u011fi m\u00fcjdesini verdi. AK Parti Mu\u011fla \u0130l Ba\u015fkan\u0131 Haluk La\u00e7in, Mu\u011fla E\u011fitim Ara\u015ft\u0131rma Hastanesine Mu\u011fla\u2019n\u0131n farkl\u0131 il\u00e7elerinden gelen vatanda\u015flar\u0131n dert yand\u0131\u011f\u0131 otopark sorununun a\u015f\u0131ld\u0131\u011f\u0131n\u0131 ve&#8230;<\/p>\n","protected":false},"author":1,"featured_media":4617,"comment_status":"open","ping_status":"open","sticky":false,"template":"","format":"standard","meta":{"_crdt_document":"","footnotes":""},"categories":[125],"tags":[],"class_list":["post-4616","post","type-post","status-publish","format-standard","has-post-thumbnail","hentry","category-ekonomi"],"_links":{"self":[{"href":"https:\/\/www.egemtv.com\/index.php?rest_route=\/wp\/v2\/posts\/4616","targetHints":{"allow":["GET"]}}],"collection":[{"href":"https:\/\/www.egemtv.com\/index.php?rest_route=\/wp\/v2\/posts"}],"about":[{"href":"https:\/\/www.egemtv.com\/index.php?rest_route=\/wp\/v2\/types\/post"}],"author":[{"embeddable":true,"href":"https:\/\/www.egemtv.com\/index.php?rest_route=\/wp\/v2\/users\/1"}],"replies":[{"embeddable":true,"href":"https:\/\/www.egemtv.com\/index.php?rest_route=%2Fwp%2Fv2%2Fcomments&post=4616"}],"version-history":[{"count":1,"href":"https:\/\/www.egemtv.com\/index.php?rest_route=\/wp\/v2\/posts\/4616\/revisions"}],"predecessor-version":[{"id":4620,"href":"https:\/\/www.egemtv.com\/index.php?rest_route=\/wp\/v2\/posts\/4616\/revisions\/4620"}],"wp:featuredmedia":[{"embeddable":true,"href":"https:\/\/www.egemtv.com\/index.php?rest_route=\/wp\/v2\/media\/4617"}],"wp:attachment":[{"href":"https:\/\/www.egemtv.com\/index.php?rest_route=%2Fwp%2Fv2%2Fmedia&parent=4616"}],"wp:term":[{"taxonomy":"category","embeddable":true,"href":"https:\/\/www.egemtv.com\/index.php?rest_route=%2Fwp%2Fv2%2Fcategories&post=4616"},{"taxonomy":"post_tag","embeddable":true,"href":"https:\/\/www.egemtv.com\/index.php?rest_route=%2Fwp%2Fv2%2Ftags&post=4616"}],"curies":[{"name":"wp","href":"https:\/\/api.w.org\/{rel}","templated":true}]}}