{"id":46159,"date":"2025-08-01T15:15:19","date_gmt":"2025-08-01T12:15:19","guid":{"rendered":"https:\/\/www.egemtv.com\/?p=46159"},"modified":"2025-08-01T15:15:20","modified_gmt":"2025-08-01T12:15:20","slug":"simavda-pes-pese-depremler-korkuttu","status":"publish","type":"post","link":"https:\/\/www.egemtv.com\/?p=46159","title":{"rendered":"Simav\u2019da pe\u015f pe\u015fe depremler korkuttu"},"content":{"rendered":"<p>K\u00fctahya\u2019n\u0131n Simav il\u00e7esinde sabah saatlerinde Richter \u00f6l\u00e7e\u011fine g\u00f6re, 3,0 ve 3,8  b\u00fcy\u00fckl\u00fc\u011f\u00fcndeki depremler korkuya neden oldu. Depremlerde ilk belirlemelere g\u00f6re herhangi bir olumsuzluk ya\u015fanmad\u0131.<br \/>\n<br \/>Afet ve Acil Durum Y\u00f6netimi Ba\u015fkanl\u0131\u011f\u0131 (AFAD) verilerine g\u00f6re, K\u00fctahya\u2019n\u0131n Simav il\u00e7esinde saat 07.15\u2019de 3,4 ve 3,8 b\u00fcy\u00fckl\u00fc\u011f\u00fcnde, saat 07.17\u2019de 3,8 b\u00fcy\u00fckl\u00fc\u011f\u00fcnde, saat 07,20\u2019de ise 3,0 b\u00fcy\u00fckl\u00fc\u011f\u00fcnde depremler kaydedildi. Pe\u015f pe\u015fe depremler il\u00e7ede k\u0131sa s\u00fcreli pani\u011fe neden oldu. \u0130l\u00e7ede gece yar\u0131s\u0131 01.00\u2019den sabah saat 09,12\u2019ye kadar irili ufakl\u0131 21 yer sars\u0131nt\u0131s\u0131 kaydedildi.<br \/>\n<br \/>Depremlerde ilk belirlemelere g\u00f6re herhangi bir olumsuzluk ya\u015fanmad\u0131.<br \/><\/p>\n","protected":false},"excerpt":{"rendered":"<p>K\u00fctahya\u2019n\u0131n Simav il\u00e7esinde sabah saatlerinde Richter \u00f6l\u00e7e\u011fine g\u00f6re, 3,0 ve 3,8 b\u00fcy\u00fckl\u00fc\u011f\u00fcndeki depremler korkuya neden oldu. Depremlerde ilk belirlemelere g\u00f6re herhangi bir olumsuzluk ya\u015fanmad\u0131. Afet ve Acil Durum Y\u00f6netimi Ba\u015fkanl\u0131\u011f\u0131 (AFAD) verilerine g\u00f6re, K\u00fctahya\u2019n\u0131n Simav il\u00e7esinde saat 07.15\u2019de 3,4 ve 3,8 b\u00fcy\u00fckl\u00fc\u011f\u00fcnde, saat 07.17\u2019de 3,8 b\u00fcy\u00fckl\u00fc\u011f\u00fcnde, saat 07,20\u2019de ise 3,0 b\u00fcy\u00fckl\u00fc\u011f\u00fcnde depremler kaydedildi. Pe\u015f pe\u015fe&#8230;<\/p>\n","protected":false},"author":1,"featured_media":46160,"comment_status":"open","ping_status":"open","sticky":false,"template":"","format":"standard","meta":{"_crdt_document":"","footnotes":""},"categories":[5],"tags":[],"class_list":["post-46159","post","type-post","status-publish","format-standard","has-post-thumbnail","hentry","category-asayis"],"_links":{"self":[{"href":"https:\/\/www.egemtv.com\/index.php?rest_route=\/wp\/v2\/posts\/46159","targetHints":{"allow":["GET"]}}],"collection":[{"href":"https:\/\/www.egemtv.com\/index.php?rest_route=\/wp\/v2\/posts"}],"about":[{"href":"https:\/\/www.egemtv.com\/index.php?rest_route=\/wp\/v2\/types\/post"}],"author":[{"embeddable":true,"href":"https:\/\/www.egemtv.com\/index.php?rest_route=\/wp\/v2\/users\/1"}],"replies":[{"embeddable":true,"href":"https:\/\/www.egemtv.com\/index.php?rest_route=%2Fwp%2Fv2%2Fcomments&post=46159"}],"version-history":[{"count":1,"href":"https:\/\/www.egemtv.com\/index.php?rest_route=\/wp\/v2\/posts\/46159\/revisions"}],"predecessor-version":[{"id":46161,"href":"https:\/\/www.egemtv.com\/index.php?rest_route=\/wp\/v2\/posts\/46159\/revisions\/46161"}],"wp:featuredmedia":[{"embeddable":true,"href":"https:\/\/www.egemtv.com\/index.php?rest_route=\/wp\/v2\/media\/46160"}],"wp:attachment":[{"href":"https:\/\/www.egemtv.com\/index.php?rest_route=%2Fwp%2Fv2%2Fmedia&parent=46159"}],"wp:term":[{"taxonomy":"category","embeddable":true,"href":"https:\/\/www.egemtv.com\/index.php?rest_route=%2Fwp%2Fv2%2Fcategories&post=46159"},{"taxonomy":"post_tag","embeddable":true,"href":"https:\/\/www.egemtv.com\/index.php?rest_route=%2Fwp%2Fv2%2Ftags&post=46159"}],"curies":[{"name":"wp","href":"https:\/\/api.w.org\/{rel}","templated":true}]}}