{"id":46150,"date":"2025-08-01T14:54:54","date_gmt":"2025-08-01T11:54:54","guid":{"rendered":"https:\/\/www.egemtv.com\/?p=46150"},"modified":"2025-08-01T14:54:54","modified_gmt":"2025-08-01T11:54:54","slug":"izmirde-11-yil-hapisle-aranan-firari-sahis-yakalandi","status":"publish","type":"post","link":"https:\/\/www.egemtv.com\/?p=46150","title":{"rendered":"\u0130zmir\u2019de 11 y\u0131l hapisle aranan firari \u015fah\u0131s yakaland\u0131"},"content":{"rendered":"<p>\u0130zmir\u2019in Kar\u015f\u0131yaka il\u00e7esinde, hakk\u0131nda 11 y\u0131l kesinle\u015fmi\u015f hapis cezas\u0131 bulunan \u015fah\u0131s, polis ekiplerince yakalan\u0131p cezaevine g\u00f6nderildi.<br \/>\n<br \/>Edinilen bilgiye g\u00f6re, Kar\u015f\u0131yaka \u0130l\u00e7e Emniyet M\u00fcd\u00fcrl\u00fc\u011f\u00fc ekiplerince aranan \u015fah\u0131slar\u0131n yakalanmas\u0131na y\u00f6nelik uygulama ger\u00e7ekle\u015ftirildi. \u00c7al\u0131\u015fmalarda hizmet nedeniyle g\u00fcveni k\u00f6t\u00fcye kullanma su\u00e7undan 11 y\u0131l 3 ay 15 g\u00fcn kesinle\u015fmi\u015f hapis cezas\u0131yla aranan N.B., polis ekiplerince yakalan\u0131p g\u00f6zalt\u0131na al\u0131nd\u0131. Emniyetteki i\u015flemleri ard\u0131ndan adli mercilere sevk edilen N.B., tutuklanarak cezaevine g\u00f6nderildi.<br \/><\/p>\n","protected":false},"excerpt":{"rendered":"<p>\u0130zmir\u2019in Kar\u015f\u0131yaka il\u00e7esinde, hakk\u0131nda 11 y\u0131l kesinle\u015fmi\u015f hapis cezas\u0131 bulunan \u015fah\u0131s, polis ekiplerince yakalan\u0131p cezaevine g\u00f6nderildi. Edinilen bilgiye g\u00f6re, Kar\u015f\u0131yaka \u0130l\u00e7e Emniyet M\u00fcd\u00fcrl\u00fc\u011f\u00fc ekiplerince aranan \u015fah\u0131slar\u0131n yakalanmas\u0131na y\u00f6nelik uygulama ger\u00e7ekle\u015ftirildi. \u00c7al\u0131\u015fmalarda hizmet nedeniyle g\u00fcveni k\u00f6t\u00fcye kullanma su\u00e7undan 11 y\u0131l 3 ay 15 g\u00fcn kesinle\u015fmi\u015f hapis cezas\u0131yla aranan N.B., polis ekiplerince yakalan\u0131p g\u00f6zalt\u0131na al\u0131nd\u0131. Emniyetteki i\u015flemleri&#8230;<\/p>\n","protected":false},"author":1,"featured_media":46151,"comment_status":"open","ping_status":"open","sticky":false,"template":"","format":"standard","meta":{"_crdt_document":"","footnotes":""},"categories":[5],"tags":[],"class_list":["post-46150","post","type-post","status-publish","format-standard","has-post-thumbnail","hentry","category-asayis"],"_links":{"self":[{"href":"https:\/\/www.egemtv.com\/index.php?rest_route=\/wp\/v2\/posts\/46150","targetHints":{"allow":["GET"]}}],"collection":[{"href":"https:\/\/www.egemtv.com\/index.php?rest_route=\/wp\/v2\/posts"}],"about":[{"href":"https:\/\/www.egemtv.com\/index.php?rest_route=\/wp\/v2\/types\/post"}],"author":[{"embeddable":true,"href":"https:\/\/www.egemtv.com\/index.php?rest_route=\/wp\/v2\/users\/1"}],"replies":[{"embeddable":true,"href":"https:\/\/www.egemtv.com\/index.php?rest_route=%2Fwp%2Fv2%2Fcomments&post=46150"}],"version-history":[{"count":1,"href":"https:\/\/www.egemtv.com\/index.php?rest_route=\/wp\/v2\/posts\/46150\/revisions"}],"predecessor-version":[{"id":46152,"href":"https:\/\/www.egemtv.com\/index.php?rest_route=\/wp\/v2\/posts\/46150\/revisions\/46152"}],"wp:featuredmedia":[{"embeddable":true,"href":"https:\/\/www.egemtv.com\/index.php?rest_route=\/wp\/v2\/media\/46151"}],"wp:attachment":[{"href":"https:\/\/www.egemtv.com\/index.php?rest_route=%2Fwp%2Fv2%2Fmedia&parent=46150"}],"wp:term":[{"taxonomy":"category","embeddable":true,"href":"https:\/\/www.egemtv.com\/index.php?rest_route=%2Fwp%2Fv2%2Fcategories&post=46150"},{"taxonomy":"post_tag","embeddable":true,"href":"https:\/\/www.egemtv.com\/index.php?rest_route=%2Fwp%2Fv2%2Ftags&post=46150"}],"curies":[{"name":"wp","href":"https:\/\/api.w.org\/{rel}","templated":true}]}}