{"id":46147,"date":"2025-08-01T14:54:52","date_gmt":"2025-08-01T11:54:52","guid":{"rendered":"https:\/\/www.egemtv.com\/?p=46147"},"modified":"2025-08-01T14:54:54","modified_gmt":"2025-08-01T11:54:54","slug":"kasten-oldurme-sucundan-aran-sahsi-jandarma-yakaladi","status":"publish","type":"post","link":"https:\/\/www.egemtv.com\/?p=46147","title":{"rendered":"Kasten \u00f6ld\u00fcrme su\u00e7undan aran \u015fahs\u0131 jandarma yakalad\u0131"},"content":{"rendered":"<p>Afyonkarahisar\u2019da ka\u00e7 tane \u00f6ld\u00fcrme su\u00e7undan 7 y\u0131l hapis cezas\u0131 ile aranan \u015fah\u0131s jandarma taraf\u0131ndan yakaland\u0131.<br \/>\n<br \/>Edinilen bilgilere g\u00f6re, Afyonkarahisar \u0130l Jandarma Komutanl\u0131\u011f\u0131 taraf\u0131ndan aranan \u015fah\u0131slar\u0131n yakalanmas\u0131na y\u00f6nelik \u00e7al\u0131\u015fma ba\u015flat\u0131ld\u0131. Yap\u0131lan incelemelerde E.\u0130., isimli \u015fahs\u0131n kasten \u00f6ld\u00fcrme su\u00e7undan 7 y\u0131l hapis cezas\u0131 ile arand\u0131\u011f\u0131 tespit edildi. Ard\u0131ndan \u015fahs\u0131n pe\u015fine d\u00fc\u015fen ekipler \u015f\u00fcpheliyi S\u00fcl\u00fcmenli beldesinde yakalayarak g\u00f6zalt\u0131na ald\u0131. \u015eah\u0131s i\u015flemlerinin ard\u0131ndan sek edildi mahkeme taraf\u0131ndan tutuklanarak cezaevine g\u00f6nderildi.<br \/><\/p>\n","protected":false},"excerpt":{"rendered":"<p>Afyonkarahisar\u2019da ka\u00e7 tane \u00f6ld\u00fcrme su\u00e7undan 7 y\u0131l hapis cezas\u0131 ile aranan \u015fah\u0131s jandarma taraf\u0131ndan yakaland\u0131. Edinilen bilgilere g\u00f6re, Afyonkarahisar \u0130l Jandarma Komutanl\u0131\u011f\u0131 taraf\u0131ndan aranan \u015fah\u0131slar\u0131n yakalanmas\u0131na y\u00f6nelik \u00e7al\u0131\u015fma ba\u015flat\u0131ld\u0131. Yap\u0131lan incelemelerde E.\u0130., isimli \u015fahs\u0131n kasten \u00f6ld\u00fcrme su\u00e7undan 7 y\u0131l hapis cezas\u0131 ile arand\u0131\u011f\u0131 tespit edildi. Ard\u0131ndan \u015fahs\u0131n pe\u015fine d\u00fc\u015fen ekipler \u015f\u00fcpheliyi S\u00fcl\u00fcmenli beldesinde yakalayarak g\u00f6zalt\u0131na&#8230;<\/p>\n","protected":false},"author":1,"featured_media":46148,"comment_status":"open","ping_status":"open","sticky":false,"template":"","format":"standard","meta":{"_crdt_document":"","footnotes":""},"categories":[5],"tags":[],"class_list":["post-46147","post","type-post","status-publish","format-standard","has-post-thumbnail","hentry","category-asayis"],"_links":{"self":[{"href":"https:\/\/www.egemtv.com\/index.php?rest_route=\/wp\/v2\/posts\/46147","targetHints":{"allow":["GET"]}}],"collection":[{"href":"https:\/\/www.egemtv.com\/index.php?rest_route=\/wp\/v2\/posts"}],"about":[{"href":"https:\/\/www.egemtv.com\/index.php?rest_route=\/wp\/v2\/types\/post"}],"author":[{"embeddable":true,"href":"https:\/\/www.egemtv.com\/index.php?rest_route=\/wp\/v2\/users\/1"}],"replies":[{"embeddable":true,"href":"https:\/\/www.egemtv.com\/index.php?rest_route=%2Fwp%2Fv2%2Fcomments&post=46147"}],"version-history":[{"count":1,"href":"https:\/\/www.egemtv.com\/index.php?rest_route=\/wp\/v2\/posts\/46147\/revisions"}],"predecessor-version":[{"id":46149,"href":"https:\/\/www.egemtv.com\/index.php?rest_route=\/wp\/v2\/posts\/46147\/revisions\/46149"}],"wp:featuredmedia":[{"embeddable":true,"href":"https:\/\/www.egemtv.com\/index.php?rest_route=\/wp\/v2\/media\/46148"}],"wp:attachment":[{"href":"https:\/\/www.egemtv.com\/index.php?rest_route=%2Fwp%2Fv2%2Fmedia&parent=46147"}],"wp:term":[{"taxonomy":"category","embeddable":true,"href":"https:\/\/www.egemtv.com\/index.php?rest_route=%2Fwp%2Fv2%2Fcategories&post=46147"},{"taxonomy":"post_tag","embeddable":true,"href":"https:\/\/www.egemtv.com\/index.php?rest_route=%2Fwp%2Fv2%2Ftags&post=46147"}],"curies":[{"name":"wp","href":"https:\/\/api.w.org\/{rel}","templated":true}]}}