{"id":46144,"date":"2025-08-01T14:54:51","date_gmt":"2025-08-01T11:54:51","guid":{"rendered":"https:\/\/www.egemtv.com\/?p=46144"},"modified":"2025-08-01T14:54:52","modified_gmt":"2025-08-01T11:54:52","slug":"demirci-analig-tenis-turnuvasina-ev-sahipligi-yapiyor","status":"publish","type":"post","link":"https:\/\/www.egemtv.com\/?p=46144","title":{"rendered":"Demirci, ANAL\u0130G Tenis Turnuvas\u0131na ev sahipli\u011fi yap\u0131yor"},"content":{"rendered":"<p>Manisa\u2019n\u0131n Demirci il\u00e7esinde Anadolu Y\u0131ld\u0131zlar Ligi 1. Etap 2. Grup Tenis m\u00fcsabakalar\u0131 ba\u015flad\u0131. Gen\u00e7lik ve Spor Bakanl\u0131\u011f\u0131 taraf\u0131ndan d\u00fczenlenen Anadolu Y\u0131ld\u0131zlar Ligi (ANAL\u0130G) 1. etap tenis turnuvas\u0131na 8 ilden 52 sporcu kat\u0131l\u0131rken, 4 g\u00fcn s\u00fcrecek olan turnuva, Demirci Tenis Kortlar\u0131\u2019nda ger\u00e7ekle\u015fecek.<br \/>\n<br \/>Manisa\u2019n\u0131n Demirci il\u00e7esi, Anadolu Y\u0131ld\u0131zlar Ligi (ANAL\u0130G) 1. etap tenis turnuvas\u0131na ev sahipli\u011fi yap\u0131yor. Denizli, Mu\u011fla, Ayd\u0131n, Manisa, U\u015fak, Afyonkarahisar, \u0130zmir ve K\u00fctahya\u2019dan kat\u0131lan toplam 52 sporcu, illerini bir \u00fcst turda temsil edebilmek i\u00e7in k\u0131yas\u0131ya yar\u0131\u015facak.<br \/>\n<br \/>Demirci\u2019de 4 g\u00fcn s\u00fcrecek turnuva \u00f6ncesi d\u00fczenlenen a\u00e7\u0131l\u0131\u015f seremonisinde konu\u015fan Belediye Ba\u015fkan\u0131 Erkan Kara, &#8220;Demirci, b\u00f6lgede sporun kenti olma yolunda emin ad\u0131mlarla ilerliyor. \u0130l\u00e7emiz ayn\u0131 zamanda bir e\u011fitim kenti. \u00dclkemizin farkl\u0131 il ve il\u00e7elerinden \u00f6\u011frencilerimizi il\u00e7emizde e\u011fitim g\u00f6r\u00fcrken, yaz\u0131nda d\u00fczenlenen ulusal turnuvalarla \u00fclkemizin bir\u00e7ok ilinden sporcu misafir ediyoruz. Spor altyap\u0131m\u0131z\u0131 daha da g\u00fc\u00e7lendirerek daha b\u00fcy\u00fck organizasyonlar\u0131 il\u00e7emizde ger\u00e7ekle\u015ftirece\u011fiz&#8221; diye konu\u015ftu.<br \/>\n<br \/>A\u00e7\u0131l\u0131\u015fta bir konu\u015fma yapan Demirci \u0130l\u00e7e Gen\u00e7lik ve Spor M\u00fcd\u00fcr\u00fc Bilal Y\u0131lmaz ise \u015funlar\u0131 s\u00f6yledi:<br \/>\n<br \/>&#8220;Demirci milli m\u00fccadelede Demirci Ak\u0131nc\u0131lar\u0131 ile destan yazm\u0131\u015f bir il\u00e7emiz. Bu co\u011frafya art\u0131k sporda da \u00f6nemli organizasyonlar\u0131n d\u00fczenlendi\u011fi bir il\u00e7e. Gen\u00e7lik ve Spor Bakanl\u0131\u011f\u0131n\u0131n d\u00fczenledi\u011fi bu turnuvaya kat\u0131lan sporcular\u0131m\u0131za ba\u015far\u0131lar dilerim.&#8221;<br \/>\n<br \/>Turnuvada tak\u0131m baz\u0131nda yar\u0131\u015facak olan iller aras\u0131ndan gruplar\u0131n\u0131 ilk 2\u2019de tamamlayanlar\u0131n, Ayd\u0131n\u2019da yap\u0131lacak 2. Etap Tenis Turnuvas\u0131na kat\u0131lmaya hak kazanaca\u011f\u0131 \u00f6\u011frenildi.<br \/><\/p>\n","protected":false},"excerpt":{"rendered":"<p>Manisa\u2019n\u0131n Demirci il\u00e7esinde Anadolu Y\u0131ld\u0131zlar Ligi 1. Etap 2. Grup Tenis m\u00fcsabakalar\u0131 ba\u015flad\u0131. Gen\u00e7lik ve Spor Bakanl\u0131\u011f\u0131 taraf\u0131ndan d\u00fczenlenen Anadolu Y\u0131ld\u0131zlar Ligi (ANAL\u0130G) 1. etap tenis turnuvas\u0131na 8 ilden 52 sporcu kat\u0131l\u0131rken, 4 g\u00fcn s\u00fcrecek olan turnuva, Demirci Tenis Kortlar\u0131\u2019nda ger\u00e7ekle\u015fecek. Manisa\u2019n\u0131n Demirci il\u00e7esi, Anadolu Y\u0131ld\u0131zlar Ligi (ANAL\u0130G) 1. etap tenis turnuvas\u0131na ev sahipli\u011fi yap\u0131yor&#8230;.<\/p>\n","protected":false},"author":1,"featured_media":46145,"comment_status":"open","ping_status":"open","sticky":false,"template":"","format":"standard","meta":{"_crdt_document":"","footnotes":""},"categories":[4],"tags":[],"class_list":["post-46144","post","type-post","status-publish","format-standard","has-post-thumbnail","hentry","category-spor"],"_links":{"self":[{"href":"https:\/\/www.egemtv.com\/index.php?rest_route=\/wp\/v2\/posts\/46144","targetHints":{"allow":["GET"]}}],"collection":[{"href":"https:\/\/www.egemtv.com\/index.php?rest_route=\/wp\/v2\/posts"}],"about":[{"href":"https:\/\/www.egemtv.com\/index.php?rest_route=\/wp\/v2\/types\/post"}],"author":[{"embeddable":true,"href":"https:\/\/www.egemtv.com\/index.php?rest_route=\/wp\/v2\/users\/1"}],"replies":[{"embeddable":true,"href":"https:\/\/www.egemtv.com\/index.php?rest_route=%2Fwp%2Fv2%2Fcomments&post=46144"}],"version-history":[{"count":1,"href":"https:\/\/www.egemtv.com\/index.php?rest_route=\/wp\/v2\/posts\/46144\/revisions"}],"predecessor-version":[{"id":46146,"href":"https:\/\/www.egemtv.com\/index.php?rest_route=\/wp\/v2\/posts\/46144\/revisions\/46146"}],"wp:featuredmedia":[{"embeddable":true,"href":"https:\/\/www.egemtv.com\/index.php?rest_route=\/wp\/v2\/media\/46145"}],"wp:attachment":[{"href":"https:\/\/www.egemtv.com\/index.php?rest_route=%2Fwp%2Fv2%2Fmedia&parent=46144"}],"wp:term":[{"taxonomy":"category","embeddable":true,"href":"https:\/\/www.egemtv.com\/index.php?rest_route=%2Fwp%2Fv2%2Fcategories&post=46144"},{"taxonomy":"post_tag","embeddable":true,"href":"https:\/\/www.egemtv.com\/index.php?rest_route=%2Fwp%2Fv2%2Ftags&post=46144"}],"curies":[{"name":"wp","href":"https:\/\/api.w.org\/{rel}","templated":true}]}}