{"id":46141,"date":"2025-08-01T14:54:51","date_gmt":"2025-08-01T11:54:51","guid":{"rendered":"https:\/\/www.egemtv.com\/?p=46141"},"modified":"2025-08-01T14:54:51","modified_gmt":"2025-08-01T11:54:51","slug":"kusadasinda-akil-almaz-iddia","status":"publish","type":"post","link":"https:\/\/www.egemtv.com\/?p=46141","title":{"rendered":"Ku\u015fadas\u0131\u2019nda ak\u0131l almaz iddia"},"content":{"rendered":"<p>Ayd\u0131n\u2019\u0131n Ku\u015fadas\u0131 \u0130l\u00e7e Devlet Hastanesi\u2019nde g\u00f6rev yapan kad\u0131n doktorun, yeni do\u011fmu\u015f bebe\u011fi annesinden parayla al\u0131p evlat edindi\u011fi, doktorun \u00e7ocu\u011fu yere d\u00fc\u015f\u00fcr\u00fcp tedavi amac\u0131yla hastaneye getirmesi ile olay\u0131n ortaya \u00e7\u0131kt\u0131\u011f\u0131 \u00f6\u011frenildi. Olayla ilgili kad\u0131n doktor, polis taraf\u0131ndan g\u00f6zalt\u0131na al\u0131nd\u0131. \u0130l Sa\u011fl\u0131k M\u00fcd\u00fcrl\u00fc\u011f\u00fc\u2019n\u00fcn konu ile ilgili a\u00e7\u0131klama yapmas\u0131 bekleniyor.<br \/>\n<br \/>Edinilen bilgiye g\u00f6re, Ku\u015fadas\u0131 \u0130l\u00e7e Devlet Hastanesi\u2019nde g\u00f6rev yapan \u00c7ocuk Sa\u011fl\u0131\u011f\u0131 ve Hastal\u0131klar\u0131 Uzman\u0131 Dr. \u015eebnem E.(57), yeni do\u011fum yapan bir annenin bebe\u011fine bakamayaca\u011f\u0131n\u0131 s\u00f6ylemesi iddias\u0131na g\u00f6re parayla \u00e7ocu\u011fu evlat edindi. \u00c7ocu\u011fu eve g\u00f6t\u00fcren Dr. \u015eebnem E., \u00e7ocu\u011fa bak\u0131c\u0131 tutup evinde bakmaya ba\u015flad\u0131.<br \/>\n<br \/>Olay; doktorun evde kuca\u011f\u0131ndan d\u00fc\u015f\u00fcrd\u00fc\u011f\u00fc bebe\u011fi hastaneye geri getirmesiyle g\u00fcn y\u00fcz\u00fcne \u00e7\u0131kt\u0131. \u015eebnem E., iddiaya g\u00f6re bebe\u011fi kuca\u011f\u0131ndan d\u00fc\u015f\u00fcrd\u00fc. Doktor, bebe\u011fi ba\u015fkas\u0131na aitmi\u015f gibi bak\u0131c\u0131s\u0131 arac\u0131l\u0131\u011f\u0131yla g\u00f6rev yapt\u0131\u011f\u0131 hastaneye tedavisi i\u00e7in g\u00f6nderdi. Hastanedeki hem\u015firenin \u00e7ocu\u011fun y\u00fcz\u00fcndeki ve kafas\u0131ndaki morluklar\u0131 fark etmesiyle olay savc\u0131l\u0131\u011fa intikal etti. Olay\u0131 ara\u015ft\u0131ran polis ekipleri Doktor \u015eebnem E.\u2019yi g\u00f6zalt\u0131na ald\u0131. \u00c7ocu\u011fun tedavisinin Ayd\u0131n Adnan Menderes Hastanesi\u2019nde devam etti\u011fi, doktor \u015eebnem E.\u2019nin a\u00e7\u0131\u011fa al\u0131nd\u0131\u011f\u0131 \u00f6\u011frenilirken, Ayd\u0131n \u0130l Sa\u011fl\u0131k M\u00fcd\u00fcrl\u00fc\u011f\u00fc\u2019nden konu ile ilgili bir a\u00e7\u0131klama yap\u0131lmas\u0131 bekleniyor. \u00c7ocu\u011fun gayr-i me\u015fru, annenin de kay\u0131p oldu\u011fu iddia edildi.<\/p>\n","protected":false},"excerpt":{"rendered":"<p>Ayd\u0131n\u2019\u0131n Ku\u015fadas\u0131 \u0130l\u00e7e Devlet Hastanesi\u2019nde g\u00f6rev yapan kad\u0131n doktorun, yeni do\u011fmu\u015f bebe\u011fi annesinden parayla al\u0131p evlat edindi\u011fi, doktorun \u00e7ocu\u011fu yere d\u00fc\u015f\u00fcr\u00fcp tedavi amac\u0131yla hastaneye getirmesi ile olay\u0131n ortaya \u00e7\u0131kt\u0131\u011f\u0131 \u00f6\u011frenildi. Olayla ilgili kad\u0131n doktor, polis taraf\u0131ndan g\u00f6zalt\u0131na al\u0131nd\u0131. \u0130l Sa\u011fl\u0131k M\u00fcd\u00fcrl\u00fc\u011f\u00fc\u2019n\u00fcn konu ile ilgili a\u00e7\u0131klama yapmas\u0131 bekleniyor. Edinilen bilgiye g\u00f6re, Ku\u015fadas\u0131 \u0130l\u00e7e Devlet Hastanesi\u2019nde g\u00f6rev&#8230;<\/p>\n","protected":false},"author":1,"featured_media":46142,"comment_status":"open","ping_status":"open","sticky":false,"template":"","format":"standard","meta":{"_crdt_document":"","footnotes":""},"categories":[5],"tags":[],"class_list":["post-46141","post","type-post","status-publish","format-standard","has-post-thumbnail","hentry","category-asayis"],"_links":{"self":[{"href":"https:\/\/www.egemtv.com\/index.php?rest_route=\/wp\/v2\/posts\/46141","targetHints":{"allow":["GET"]}}],"collection":[{"href":"https:\/\/www.egemtv.com\/index.php?rest_route=\/wp\/v2\/posts"}],"about":[{"href":"https:\/\/www.egemtv.com\/index.php?rest_route=\/wp\/v2\/types\/post"}],"author":[{"embeddable":true,"href":"https:\/\/www.egemtv.com\/index.php?rest_route=\/wp\/v2\/users\/1"}],"replies":[{"embeddable":true,"href":"https:\/\/www.egemtv.com\/index.php?rest_route=%2Fwp%2Fv2%2Fcomments&post=46141"}],"version-history":[{"count":1,"href":"https:\/\/www.egemtv.com\/index.php?rest_route=\/wp\/v2\/posts\/46141\/revisions"}],"predecessor-version":[{"id":46143,"href":"https:\/\/www.egemtv.com\/index.php?rest_route=\/wp\/v2\/posts\/46141\/revisions\/46143"}],"wp:featuredmedia":[{"embeddable":true,"href":"https:\/\/www.egemtv.com\/index.php?rest_route=\/wp\/v2\/media\/46142"}],"wp:attachment":[{"href":"https:\/\/www.egemtv.com\/index.php?rest_route=%2Fwp%2Fv2%2Fmedia&parent=46141"}],"wp:term":[{"taxonomy":"category","embeddable":true,"href":"https:\/\/www.egemtv.com\/index.php?rest_route=%2Fwp%2Fv2%2Fcategories&post=46141"},{"taxonomy":"post_tag","embeddable":true,"href":"https:\/\/www.egemtv.com\/index.php?rest_route=%2Fwp%2Fv2%2Ftags&post=46141"}],"curies":[{"name":"wp","href":"https:\/\/api.w.org\/{rel}","templated":true}]}}