{"id":46138,"date":"2025-08-01T14:54:50","date_gmt":"2025-08-01T11:54:50","guid":{"rendered":"https:\/\/www.egemtv.com\/?p=46138"},"modified":"2025-08-01T14:54:51","modified_gmt":"2025-08-01T11:54:51","slug":"manisanin-tek-kadin-basketbol-takimi-diyetisyen-kontrolunden-gecti","status":"publish","type":"post","link":"https:\/\/www.egemtv.com\/?p=46138","title":{"rendered":"Manisa\u2019n\u0131n tek kad\u0131n basketbol tak\u0131m\u0131 diyetisyen kontrol\u00fcnden ge\u00e7ti"},"content":{"rendered":"<p>Turgutlu Belediyesi Kad\u0131n Basketbol Tak\u0131m\u0131, 2025-2026 sezonu \u00f6ncesinde sa\u011fl\u0131k ve beslenme alan\u0131ndaki ilk de\u011ferlendirmelerini tamamlad\u0131. Tak\u0131m\u0131n, yeni sezonda da i\u015f birli\u011fi yapt\u0131\u011f\u0131 Diyetisyen Ece Kur\u015fun e\u015fli\u011finde v\u00fccut analizleri ger\u00e7ekle\u015ftirildi.<br \/>\n<br \/>T\u00fcrkiye Kad\u0131nlar Basketbol Ligi\u2019nde Manisa\u2019n\u0131n tek temsilcisi olan ve yeni sezona g\u00fc\u00e7l\u00fc bir ba\u015flang\u0131\u00e7 yapmak isteyen Turgutlu Belediyesi Kad\u0131n Basketbol Tak\u0131m\u0131, performanslar\u0131n\u0131 \u00fcst d\u00fczeye \u00e7\u0131karmak ad\u0131na La Dietitica\u2019n\u0131n deste\u011fiyle bir dizi \u00f6l\u00e7\u00fcmden ge\u00e7ti. Oyuncular\u0131n boy, kilo, kas-k\u00fctle gibi de\u011ferleri uzman diyetisyen taraf\u0131ndan kay\u0131t alt\u0131na al\u0131nd\u0131. Diyetisyen Ece Kur\u015fun, sezon boyunca oyuncularla birebir ilgilenerek d\u00fczenli takiplerini s\u00fcrd\u00fcrecek.<br \/>\n<br \/>Turgutlu Belediyespor Ba\u015fkan\u0131 ve Belediye Ba\u015fkan Yard\u0131mc\u0131s\u0131 H\u00fcseyin Maliz, &#8220;Yeni sezona disiplinli ve planl\u0131 bir \u015fekilde giri\u015f yapt\u0131k. Oyuncular\u0131m\u0131z\u0131n sa\u011fl\u0131\u011f\u0131 ve form durumlar\u0131 bizim i\u00e7in \u00e7ok \u00f6nemli. Bu s\u00fcre\u00e7te bizlere katk\u0131 sunacak olan Diyetisyen Ece Kur\u015fun\u2019a te\u015fekk\u00fcr ediyorum&#8221; dedi.<br \/><\/p>\n","protected":false},"excerpt":{"rendered":"<p>Turgutlu Belediyesi Kad\u0131n Basketbol Tak\u0131m\u0131, 2025-2026 sezonu \u00f6ncesinde sa\u011fl\u0131k ve beslenme alan\u0131ndaki ilk de\u011ferlendirmelerini tamamlad\u0131. Tak\u0131m\u0131n, yeni sezonda da i\u015f birli\u011fi yapt\u0131\u011f\u0131 Diyetisyen Ece Kur\u015fun e\u015fli\u011finde v\u00fccut analizleri ger\u00e7ekle\u015ftirildi. T\u00fcrkiye Kad\u0131nlar Basketbol Ligi\u2019nde Manisa\u2019n\u0131n tek temsilcisi olan ve yeni sezona g\u00fc\u00e7l\u00fc bir ba\u015flang\u0131\u00e7 yapmak isteyen Turgutlu Belediyesi Kad\u0131n Basketbol Tak\u0131m\u0131, performanslar\u0131n\u0131 \u00fcst d\u00fczeye \u00e7\u0131karmak ad\u0131na&#8230;<\/p>\n","protected":false},"author":1,"featured_media":46139,"comment_status":"open","ping_status":"open","sticky":false,"template":"","format":"standard","meta":{"_crdt_document":"","footnotes":""},"categories":[4],"tags":[],"class_list":["post-46138","post","type-post","status-publish","format-standard","has-post-thumbnail","hentry","category-spor"],"_links":{"self":[{"href":"https:\/\/www.egemtv.com\/index.php?rest_route=\/wp\/v2\/posts\/46138","targetHints":{"allow":["GET"]}}],"collection":[{"href":"https:\/\/www.egemtv.com\/index.php?rest_route=\/wp\/v2\/posts"}],"about":[{"href":"https:\/\/www.egemtv.com\/index.php?rest_route=\/wp\/v2\/types\/post"}],"author":[{"embeddable":true,"href":"https:\/\/www.egemtv.com\/index.php?rest_route=\/wp\/v2\/users\/1"}],"replies":[{"embeddable":true,"href":"https:\/\/www.egemtv.com\/index.php?rest_route=%2Fwp%2Fv2%2Fcomments&post=46138"}],"version-history":[{"count":1,"href":"https:\/\/www.egemtv.com\/index.php?rest_route=\/wp\/v2\/posts\/46138\/revisions"}],"predecessor-version":[{"id":46140,"href":"https:\/\/www.egemtv.com\/index.php?rest_route=\/wp\/v2\/posts\/46138\/revisions\/46140"}],"wp:featuredmedia":[{"embeddable":true,"href":"https:\/\/www.egemtv.com\/index.php?rest_route=\/wp\/v2\/media\/46139"}],"wp:attachment":[{"href":"https:\/\/www.egemtv.com\/index.php?rest_route=%2Fwp%2Fv2%2Fmedia&parent=46138"}],"wp:term":[{"taxonomy":"category","embeddable":true,"href":"https:\/\/www.egemtv.com\/index.php?rest_route=%2Fwp%2Fv2%2Fcategories&post=46138"},{"taxonomy":"post_tag","embeddable":true,"href":"https:\/\/www.egemtv.com\/index.php?rest_route=%2Fwp%2Fv2%2Ftags&post=46138"}],"curies":[{"name":"wp","href":"https:\/\/api.w.org\/{rel}","templated":true}]}}