{"id":46135,"date":"2025-08-01T14:54:49","date_gmt":"2025-08-01T11:54:49","guid":{"rendered":"https:\/\/www.egemtv.com\/?p=46135"},"modified":"2025-08-01T14:54:50","modified_gmt":"2025-08-01T11:54:50","slug":"aydinda-153-bin-sazan-yavrusu-dogayla-bulustu","status":"publish","type":"post","link":"https:\/\/www.egemtv.com\/?p=46135","title":{"rendered":"Ayd\u0131n\u2019da 153 bin sazan yavrusu do\u011fayla bulu\u015ftu"},"content":{"rendered":"<p>Ayd\u0131n\u2019da su kaynaklar\u0131n\u0131n s\u00fcrd\u00fcr\u00fclebilirli\u011fini art\u0131rmak ve biyolojik \u00e7e\u015fitlili\u011fi desteklemek amac\u0131yla y\u00fcr\u00fct\u00fclen \u2019Su Kaynaklar\u0131n\u0131n Bal\u0131kland\u0131r\u0131lmas\u0131 Projesi\u2019 kapsam\u0131nda 153 bin 600 adet sazan yavrusu do\u011fayla bulu\u015fturuldu.<\/p>\n<p>Ayd\u0131n \u0130l Tar\u0131m ve Orman M\u00fcd\u00fcrl\u00fc\u011f\u00fc\u2019nden yap\u0131lan a\u00e7\u0131klamada, Su \u00dcr\u00fcnleri \u00dcretim Tesisleri\u2019nde \u00fcretilen 153 bin 600 adet sazan yavrusunun, \u00c7ine, Karpuzlu, Ko\u00e7arl\u0131, Nazilli ve Yenipazar il\u00e7elerindeki 9 farkl\u0131 su kayna\u011f\u0131na b\u0131rak\u0131lmak \u00fczere \u0130l Tar\u0131m ve Orman M\u00fcd\u00fcr\u00fc Ayhan Temiz taraf\u0131ndan teslim edildi\u011fi belirtildi. A\u00e7\u0131klamada, &#8220;S\u00fcrd\u00fcr\u00fclebilir su kaynaklar\u0131 ve zengin biyolojik \u00e7e\u015fitlilik i\u00e7in \u00e7al\u0131\u015fmaya devam ediyoruz. S\u0131rada Bozdo\u011fan Kemer Baraj G\u00f6l\u00fc var&#8221; ifadelerine yer verildi. Bal\u0131kland\u0131rma \u00e7al\u0131\u015fmalar\u0131n\u0131n b\u00f6lgedeki sucul ya\u015fam\u0131 destekleyerek hem ekosisteme hem de amat\u00f6r bal\u0131k\u00e7\u0131l\u0131\u011fa katk\u0131 sa\u011flamas\u0131 hedeflenirken, Ayd\u0131n genelinde s\u00fcrd\u00fcr\u00fclen bal\u0131kland\u0131rma faaliyetlerinin yerli t\u00fcrlerin korunmas\u0131na da \u00f6nemli \u00f6l\u00e7\u00fcde destek sundu\u011fu vurguland\u0131.<br \/><\/p>\n","protected":false},"excerpt":{"rendered":"<p>Ayd\u0131n\u2019da su kaynaklar\u0131n\u0131n s\u00fcrd\u00fcr\u00fclebilirli\u011fini art\u0131rmak ve biyolojik \u00e7e\u015fitlili\u011fi desteklemek amac\u0131yla y\u00fcr\u00fct\u00fclen \u2019Su Kaynaklar\u0131n\u0131n Bal\u0131kland\u0131r\u0131lmas\u0131 Projesi\u2019 kapsam\u0131nda 153 bin 600 adet sazan yavrusu do\u011fayla bulu\u015fturuldu. Ayd\u0131n \u0130l Tar\u0131m ve Orman M\u00fcd\u00fcrl\u00fc\u011f\u00fc\u2019nden yap\u0131lan a\u00e7\u0131klamada, Su \u00dcr\u00fcnleri \u00dcretim Tesisleri\u2019nde \u00fcretilen 153 bin 600 adet sazan yavrusunun, \u00c7ine, Karpuzlu, Ko\u00e7arl\u0131, Nazilli ve Yenipazar il\u00e7elerindeki 9 farkl\u0131 su kayna\u011f\u0131na b\u0131rak\u0131lmak&#8230;<\/p>\n","protected":false},"author":1,"featured_media":46136,"comment_status":"open","ping_status":"open","sticky":false,"template":"","format":"standard","meta":{"_crdt_document":"","footnotes":""},"categories":[1],"tags":[],"class_list":["post-46135","post","type-post","status-publish","format-standard","has-post-thumbnail","hentry","category-guncel"],"_links":{"self":[{"href":"https:\/\/www.egemtv.com\/index.php?rest_route=\/wp\/v2\/posts\/46135","targetHints":{"allow":["GET"]}}],"collection":[{"href":"https:\/\/www.egemtv.com\/index.php?rest_route=\/wp\/v2\/posts"}],"about":[{"href":"https:\/\/www.egemtv.com\/index.php?rest_route=\/wp\/v2\/types\/post"}],"author":[{"embeddable":true,"href":"https:\/\/www.egemtv.com\/index.php?rest_route=\/wp\/v2\/users\/1"}],"replies":[{"embeddable":true,"href":"https:\/\/www.egemtv.com\/index.php?rest_route=%2Fwp%2Fv2%2Fcomments&post=46135"}],"version-history":[{"count":1,"href":"https:\/\/www.egemtv.com\/index.php?rest_route=\/wp\/v2\/posts\/46135\/revisions"}],"predecessor-version":[{"id":46137,"href":"https:\/\/www.egemtv.com\/index.php?rest_route=\/wp\/v2\/posts\/46135\/revisions\/46137"}],"wp:featuredmedia":[{"embeddable":true,"href":"https:\/\/www.egemtv.com\/index.php?rest_route=\/wp\/v2\/media\/46136"}],"wp:attachment":[{"href":"https:\/\/www.egemtv.com\/index.php?rest_route=%2Fwp%2Fv2%2Fmedia&parent=46135"}],"wp:term":[{"taxonomy":"category","embeddable":true,"href":"https:\/\/www.egemtv.com\/index.php?rest_route=%2Fwp%2Fv2%2Fcategories&post=46135"},{"taxonomy":"post_tag","embeddable":true,"href":"https:\/\/www.egemtv.com\/index.php?rest_route=%2Fwp%2Fv2%2Ftags&post=46135"}],"curies":[{"name":"wp","href":"https:\/\/api.w.org\/{rel}","templated":true}]}}