{"id":46132,"date":"2025-08-01T14:54:48","date_gmt":"2025-08-01T11:54:48","guid":{"rendered":"https:\/\/www.egemtv.com\/?p=46132"},"modified":"2025-08-01T14:54:49","modified_gmt":"2025-08-01T11:54:49","slug":"yuksek-isiya-maruz-kalan-ustalar-ekmek-mucadelesi-veriyor","status":"publish","type":"post","link":"https:\/\/www.egemtv.com\/?p=46132","title":{"rendered":"Y\u00fcksek \u0131s\u0131ya maruz kalan ustalar ekmek m\u00fccadelesi veriyor"},"content":{"rendered":"<p>T\u00fcrkiye\u2019nin en s\u0131cak illerinden biri olan \u0130zmir\u2019de termometreler mevsim normallerinin \u00fczerine \u00e7\u0131karken, \u00f6zellikle ate\u015f ba\u015f\u0131nda \u00e7al\u0131\u015fan ustalar zorlu bir mesai s\u00fcrd\u00fcr\u00fcyor. Yakla\u015f\u0131k 70 derece s\u0131cakl\u0131ktaki ortamlarda \u00e7al\u0131\u015fan ustalar, ekmek m\u00fccadelesi i\u00e7in zamanla bu \u015fartlara al\u0131\u015ft\u0131klar\u0131n\u0131 belirtiyor.<br \/>\n<br \/>\u0130zmir\u2019de hava s\u0131cakl\u0131klar\u0131 40 dereceye dayand\u0131. Kent genelinde etkisini art\u0131ran a\u015f\u0131r\u0131 s\u0131caklar g\u00fcnl\u00fck ya\u015fam\u0131 zorla\u015ft\u0131r\u0131rken, \u00f6zellikle g\u00fcne\u015f alt\u0131nda ve y\u00fcksek \u0131s\u0131ya maruz kalan meslek gruplar\u0131 adeta ate\u015fle m\u00fccadele ediyor. Demirci, f\u0131r\u0131nc\u0131 ve d\u00f6k\u00fcmc\u00fc gibi y\u00fcksek \u0131s\u0131ya maruz kalan meslek gruplar\u0131nda g\u00f6rev yapan i\u015f\u00e7iler, hem havan\u0131n hem de \u00e7al\u0131\u015ft\u0131klar\u0131 ortam\u0131n s\u0131cakl\u0131\u011f\u0131yla m\u00fccadele ediyor. Ate\u015f ba\u015f\u0131nda saatlerce \u00e7al\u0131\u015fan ustalar, serinlemek i\u00e7in s\u0131k s\u0131k y\u00fczlerini y\u0131k\u0131yor, bol su t\u00fcketerek ayakta kalmaya \u00e7al\u0131\u015f\u0131yor. Ate\u015fe en \u00e7ok maruz kalan mesleklerden biri olan demircilikte yakla\u015f\u0131k 23 y\u0131ld\u0131r ustal\u0131k yapan S\u00fcleyman Akdemir ise zorlu mesle\u011fini b\u00fcy\u00fck bir \u00f6zveriyle s\u00fcrd\u00fcr\u00fcyor. Y\u00fcksek s\u0131ca\u011fa al\u0131\u015ft\u0131\u011f\u0131n\u0131 belirten Akdemir, &#8220;Mesle\u011fimi yaparken keyif ald\u0131\u011f\u0131m i\u00e7in buraday\u0131m. Aksi halde bu s\u0131ca\u011fa dayanmak ger\u00e7ekten \u00e7ok zor. \u015eu an bulundu\u011fumuz ortam 65-70 derece civar\u0131nda. Ancak i\u015fe ve sanata olan sevgimiz, bu zorluklar\u0131n \u00f6n\u00fcne ge\u00e7iyor. Gen\u00e7ler belki ate\u015ften, s\u0131caktan korkuyordur ya da klimal\u0131 ortamlar\u0131 tercih ediyordur. \u00c7\u00fcnk\u00fc bu i\u015f kolay bir i\u015f de\u011fil; s\u0131ca\u011f\u0131, kiri, tozu var. Bu mesle\u011fi ancak \u00e7ok seven biri yapabilir. Biz de atalar\u0131m\u0131zdan g\u00f6rd\u00fc\u011f\u00fcm\u00fcz ve \u00e7ok sevdi\u011fimiz i\u00e7in buraday\u0131z. Yeni neslin tercih etmeme sebebi bu s\u0131cakl\u0131k olabilir. S\u00fcrekli ate\u015fle i\u00e7 i\u00e7eyiz, gelen par\u00e7alarla temas sonucu yanmalar da olabiliyor. Hava \u015fu anda yakla\u015f\u0131k 40 derece, oca\u011f\u0131n s\u0131cakl\u0131\u011f\u0131 ise bin 200 dereceye kadar \u00e7\u0131k\u0131yor. Bu s\u0131cakl\u0131ktan etkileniyoruz ama i\u015fimizi b\u00fcy\u00fck bir sevgiyle yap\u0131yoruz&#8221; dedi.<\/p>\n<p>&#8220;D\u0131\u015far\u0131s\u0131 bana cennet&#8221;<br \/>\n<br \/>S\u0131cak havalar\u0131n etkisiyle \u00e7al\u0131\u015ft\u0131\u011f\u0131 ortam\u0131n d\u0131\u015far\u0131ya k\u0131yasla \u00e7ok daha s\u0131cak oldu\u011funu belirten f\u0131r\u0131nc\u0131 Sait G\u00fcl, &#8220;Bu s\u0131cakta d\u0131\u015far\u0131s\u0131 zaten 40-45 derece, buras\u0131 da f\u0131r\u0131n\u0131n \u00f6n\u00fc oldu\u011fu i\u00e7in ayn\u0131 s\u0131cakl\u0131\u011f\u0131 burada da ya\u015f\u0131yoruz. 70 derecenin i\u00e7inde \u00e7al\u0131\u015f\u0131yoruz ve s\u00fcrekli terliyoruz. 30-35 senedir bu i\u015fi yap\u0131yoruz ve art\u0131k bu s\u0131ca\u011fa al\u0131\u015ft\u0131k diyelim. G\u00fcn i\u00e7inde de hi\u00e7bir \u015fey de\u011fi\u015fmiyor. Sabah saat 8.00\u2019den ak\u015fam 5-6\u2019ya kadar bu s\u0131ca\u011f\u0131n \u00f6n\u00fcndeyiz. Yapacak bir \u015feyimiz yok \u00e7\u00fcnk\u00fc bu bizim i\u015fimiz ve elimizden ba\u015fka bir meslek gelmiyor. Ke\u015fke ba\u015fka bir i\u015f yapabilsek ama in\u015faat\u00e7\u0131l\u0131k da ayn\u0131 \u015fekilde zor, \u015fof\u00f6rl\u00fck de \u00f6yle. En iyisi olarak bu f\u0131r\u0131n i\u015fini se\u00e7tik ve b\u00fcy\u00fck ihtimalle bu f\u0131r\u0131nda mezara gidece\u011fiz. Serinlemek gibi bir \u015fey yok, kesinlikle yok. So\u011fuk su i\u00e7ti\u011fimiz zaman daha da \u00e7ok terliyoruz \u00e7\u00fcnk\u00fc so\u011fuk su teri tutmuyor. Bu y\u00fczden arada bir \u00e7ay i\u00e7iyoruz ki en az\u0131ndan a\u011fz\u0131m\u0131z kurumas\u0131n. \u015eimdi d\u0131\u015far\u0131 \u00e7\u0131kt\u0131\u011f\u0131mda, d\u0131\u015far\u0131s\u0131 bana cennet gibi geliyor. D\u0131\u015far\u0131 \u00e7\u0131kmak bile benim i\u00e7in b\u00fcy\u00fck bir rahatl\u0131k ama f\u0131r\u0131n\u0131n \u00f6n\u00fc ger\u00e7ekten cehennem gibi. Burada s\u0131cakl\u0131k rahat bir 70 dereceyi buluyor. Sen burada iki dakika durdu\u011funda bile terliyorsun. D\u00fc\u015f\u00fcn ki ben burada 9-10 saat boyunca ayakta duruyorum. Bu s\u0131cakl\u0131\u011fa ger\u00e7ekten can dayanmaz&#8221; ifadelerini kulland\u0131.<br \/><\/p>\n","protected":false},"excerpt":{"rendered":"<p>T\u00fcrkiye\u2019nin en s\u0131cak illerinden biri olan \u0130zmir\u2019de termometreler mevsim normallerinin \u00fczerine \u00e7\u0131karken, \u00f6zellikle ate\u015f ba\u015f\u0131nda \u00e7al\u0131\u015fan ustalar zorlu bir mesai s\u00fcrd\u00fcr\u00fcyor. Yakla\u015f\u0131k 70 derece s\u0131cakl\u0131ktaki ortamlarda \u00e7al\u0131\u015fan ustalar, ekmek m\u00fccadelesi i\u00e7in zamanla bu \u015fartlara al\u0131\u015ft\u0131klar\u0131n\u0131 belirtiyor. \u0130zmir\u2019de hava s\u0131cakl\u0131klar\u0131 40 dereceye dayand\u0131. Kent genelinde etkisini art\u0131ran a\u015f\u0131r\u0131 s\u0131caklar g\u00fcnl\u00fck ya\u015fam\u0131 zorla\u015ft\u0131r\u0131rken, \u00f6zellikle g\u00fcne\u015f alt\u0131nda ve&#8230;<\/p>\n","protected":false},"author":1,"featured_media":46133,"comment_status":"open","ping_status":"open","sticky":false,"template":"","format":"standard","meta":{"_crdt_document":"","footnotes":""},"categories":[1],"tags":[],"class_list":["post-46132","post","type-post","status-publish","format-standard","has-post-thumbnail","hentry","category-guncel"],"_links":{"self":[{"href":"https:\/\/www.egemtv.com\/index.php?rest_route=\/wp\/v2\/posts\/46132","targetHints":{"allow":["GET"]}}],"collection":[{"href":"https:\/\/www.egemtv.com\/index.php?rest_route=\/wp\/v2\/posts"}],"about":[{"href":"https:\/\/www.egemtv.com\/index.php?rest_route=\/wp\/v2\/types\/post"}],"author":[{"embeddable":true,"href":"https:\/\/www.egemtv.com\/index.php?rest_route=\/wp\/v2\/users\/1"}],"replies":[{"embeddable":true,"href":"https:\/\/www.egemtv.com\/index.php?rest_route=%2Fwp%2Fv2%2Fcomments&post=46132"}],"version-history":[{"count":1,"href":"https:\/\/www.egemtv.com\/index.php?rest_route=\/wp\/v2\/posts\/46132\/revisions"}],"predecessor-version":[{"id":46134,"href":"https:\/\/www.egemtv.com\/index.php?rest_route=\/wp\/v2\/posts\/46132\/revisions\/46134"}],"wp:featuredmedia":[{"embeddable":true,"href":"https:\/\/www.egemtv.com\/index.php?rest_route=\/wp\/v2\/media\/46133"}],"wp:attachment":[{"href":"https:\/\/www.egemtv.com\/index.php?rest_route=%2Fwp%2Fv2%2Fmedia&parent=46132"}],"wp:term":[{"taxonomy":"category","embeddable":true,"href":"https:\/\/www.egemtv.com\/index.php?rest_route=%2Fwp%2Fv2%2Fcategories&post=46132"},{"taxonomy":"post_tag","embeddable":true,"href":"https:\/\/www.egemtv.com\/index.php?rest_route=%2Fwp%2Fv2%2Ftags&post=46132"}],"curies":[{"name":"wp","href":"https:\/\/api.w.org\/{rel}","templated":true}]}}