{"id":46125,"date":"2025-08-01T14:39:07","date_gmt":"2025-08-01T11:39:07","guid":{"rendered":"https:\/\/www.egemtv.com\/?p=46125"},"modified":"2025-08-01T14:39:08","modified_gmt":"2025-08-01T11:39:08","slug":"turk-dunyasinin-kutup-yildizi-ktmude-yuksekogrenim-firsati","status":"publish","type":"post","link":"https:\/\/www.egemtv.com\/?p=46125","title":{"rendered":"T\u00fcrk D\u00fcnyas\u0131\u2019n\u0131n Kutup Y\u0131ld\u0131z\u0131 KTM\u00dc\u2019de Y\u00fcksek\u00f6\u011frenim F\u0131rsat\u0131"},"content":{"rendered":"\n<p class=\"wp-block-paragraph\">K\u0131rg\u0131zistan-T\u00fcrkiye Manas \u00dcniversitesi (KTM\u00dc), Y\u00fcksek\u00f6\u011fretim Kurumlar\u0131 S\u0131nav\u0131 (YKS) adaylar\u0131na sadece bir \u00fcniversite de\u011fil; T\u00fcrk D\u00fcnyas\u0131\u2019n\u0131n ortak de\u011ferlerini, zengin kamp\u00fcs ya\u015fam\u0131n\u0131 ve k\u00fcresel kariyer f\u0131rsatlar\u0131n\u0131 sunan benzersiz bir e\u011fitim kap\u0131s\u0131 aral\u0131yor. Yeni a\u00e7\u0131lan T\u0131p Fak\u00fcltesi ise \u00f6\u011frencilere \u00fc\u00e7 diploma imk\u00e2n\u0131 sa\u011flayarak dikkatleri \u00fczerine \u00e7ekiyor.<\/p>\n\n\n\n<p class=\"wp-block-paragraph\">T\u00fcrk D\u00fcnyas\u0131\u2019n\u0131n \u00f6nc\u00fc e\u011fitim kurumlar\u0131ndan biri olan KTM\u00dc, YKS\u2019ye giren adaylara cazip f\u0131rsatlar sunuyor. \u00dcniversite, mezunlar\u0131na hem K\u0131rg\u0131z Cumhuriyeti hem de T\u00fcrkiye Cumhuriyeti diplomalar\u0131n\u0131 verirken, T\u0131p Fak\u00fcltesi mezunlar\u0131na ayr\u0131ca T\u00fcrkiye\u2019deki Sa\u011fl\u0131k Bilimleri \u00dcniversitesi\u2019nin diplomas\u0131n\u0131 da kazand\u0131r\u0131yor. Bu y\u0131l ilk \u00f6\u011frencilerini kabul eden T\u0131p Fak\u00fcltesi, iki \u00fclkenin ortak kalite g\u00fcvencesiyle en iyi e\u011fitimi sunmay\u0131 hedefliyor.<\/p>\n\n\n\n<p class=\"wp-block-paragraph\">\u0130lk 100 Bine Giren \u00d6\u011frencilere \u00d6zel Destek<\/p>\n\n\n\n<p class=\"wp-block-paragraph\">KTM\u00dc, YKS\u2019de ilk 100 bine giren ba\u015far\u0131l\u0131 \u00f6\u011frencilere \u00f6nemli destekler sa\u011fl\u0131yor. Bu kapsamda Bi\u015fkek\u2019e ilk geli\u015f ve mezuniyet d\u00f6n\u00fc\u015f u\u00e7ak biletleri, kamp\u00fcs i\u00e7i yemek ve konaklama masraflar\u0131 tamamen \u00fccretsiz kar\u015f\u0131lan\u0131yor. B\u00f6ylece \u00f6\u011frencilerin maddi kayg\u0131lardan uzak \u015fekilde e\u011fitimlerine odaklanmalar\u0131 ama\u00e7lan\u0131yor.<\/p>\n\n\n\n<p class=\"wp-block-paragraph\">\u00dccretsiz E\u011fitim ve Burs \u0130mk\u00e2nlar\u0131<\/p>\n\n\n\n<p class=\"wp-block-paragraph\">T\u0131p Fak\u00fcltesi hari\u00e7 11 fak\u00fcltede \u00fccretsiz e\u011fitim imk\u00e2n\u0131 sunan KTM\u00dc, nitelikli fakat maddi olanaklar\u0131 s\u0131n\u0131rl\u0131 \u00f6\u011frenciler i\u00e7in \u00f6nemli bir f\u0131rsat olu\u015fturuyor. Ayr\u0131ca ba\u015far\u0131l\u0131 ve ihtiya\u00e7 sahibi \u00f6\u011frencilere burs imk\u00e2n\u0131 sa\u011flan\u0131rken, \u00e7e\u015fitli kurum ve kurulu\u015flarda staj olanaklar\u0131 da sunuluyor.<\/p>\n\n\n\n<p class=\"wp-block-paragraph\">Modern Kamp\u00fcs ve Sosyal Ya\u015fam<\/p>\n\n\n\n<p class=\"wp-block-paragraph\">K\u0131rg\u0131zistan\u2019\u0131n tek kamp\u00fcs \u00fcniversitesi olan KTM\u00dc\u2019n\u00fcn Cengiz Aytmatov Kamp\u00fcs\u00fc, 830 bin metrekarelik dev bir alana sahip. Modern yurtlardan sa\u011fl\u0131k merkezine, 8 k\u00fct\u00fcphane ve okuma salonundan spor tesislerine kadar geni\u015f imk\u00e2nlar bar\u0131nd\u0131ran kamp\u00fcs, y\u0131l boyunca d\u00fczenlenen k\u00fclt\u00fcr, sanat ve spor etkinlikleriyle \u00f6\u011frencilere canl\u0131 bir sosyal ya\u015fam sunuyor.<\/p>\n\n\n\n<p class=\"wp-block-paragraph\">\u00d6\u011frenci Merkezli E\u011fitim Anlay\u0131\u015f\u0131<\/p>\n\n\n\n<p class=\"wp-block-paragraph\">QS D\u00fcnya \u00dcniversite S\u0131ralamalar\u0131\u2019nda d\u00f6rt y\u0131ld\u0131r ilk 1000 \u00fcniversite aras\u0131nda yer alan KTM\u00dc, \u00f6\u011frenci merkezli e\u011fitim anlay\u0131\u015f\u0131yla \u00f6ne \u00e7\u0131k\u0131yor. Rekt\u00f6r Prof. Dr. Alpaslan Ceylan, \u00f6\u011frencilerin \u201caile ve sevgi atmosferi\u201d i\u00e7inde, g\u00fcvenli ve ekonomik bir e\u011fitim ortam\u0131nda \u00f6\u011frenim g\u00f6rd\u00fc\u011f\u00fcn\u00fc belirtiyor.<\/p>\n\n\n\n<p class=\"wp-block-paragraph\">\u00c7ok Dilli E\u011fitim ve Uluslararas\u0131la\u015fma<\/p>\n\n\n\n<p class=\"wp-block-paragraph\">1995 y\u0131l\u0131nda K\u0131rg\u0131zistan ve T\u00fcrkiye aras\u0131nda imzalanan anla\u015fmayla kurulan KTM\u00dc, T\u00fcrk\u00e7e ve K\u0131rg\u0131zca e\u011fitim verirken; Rus\u00e7a, \u0130ngilizce, Almanca ve \u00c7ince dersleriyle \u00f6\u011frencilerin k\u00fcresel ileti\u015fim becerilerini geli\u015ftiriyor. \u00dcniversite, Erasmus+ ve Orhun \u00d6\u011frenci De\u011fi\u015fim Program\u0131 gibi uluslararas\u0131 hareketlilik f\u0131rsatlar\u0131yla \u00f6\u011frencilere k\u00fcresel e\u011fitim deneyimi kazand\u0131r\u0131yor.<\/p>\n\n\n\n<p class=\"wp-block-paragraph\">Ba\u015far\u0131 ve Kariyer F\u0131rsatlar\u0131<\/p>\n\n\n\n<p class=\"wp-block-paragraph\">KTM\u00dc mezunlar\u0131; T\u00fcrkiye, K\u0131rg\u0131zistan, Azerbaycan, Kazakistan, \u00d6zbekistan, T\u00fcrkmenistan, Rusya ve Avrupa \u00fclkelerinde kamu, \u00f6zel sekt\u00f6r, medya ve sivil toplum kurulu\u015flar\u0131nda g\u00f6rev al\u0131yor. Kariyer Geli\u015fim Merkezi ise \u00f6\u011frencilerin staj, i\u015f ve mesleki y\u00f6nelim s\u00fcre\u00e7lerine destek oluyor.<\/p>\n\n\n\n<p class=\"wp-block-paragraph\">Manas\u2019ta \u00d6\u011frenci Olmak: Bir Ailenin Par\u00e7as\u0131<\/p>\n\n\n\n<p class=\"wp-block-paragraph\">Manas \u00dcniversitesi\u2019nde \u00f6\u011frenciler yaln\u0131zca birey de\u011fil, ayn\u0131 zamanda b\u00fcy\u00fck bir ailenin de\u011ferli \u00fcyeleri olarak g\u00f6r\u00fcl\u00fcyor. \u00d6\u011frenci Konseyi ve \u00e7ok k\u00fclt\u00fcrl\u00fc etkinlikler, \u00f6\u011frencilerin hem karar alma s\u00fcre\u00e7lerine kat\u0131l\u0131m\u0131n\u0131 hem de k\u00fclt\u00fcrel uyumunu destekliyor.<\/p>\n\n\n\n<p class=\"wp-block-paragraph\">KTM\u00dc, YKS adaylar\u0131na sadece kaliteli bir e\u011fitim de\u011fil; g\u00fcvenli, canl\u0131 ve \u00e7ok y\u00f6nl\u00fc bir kamp\u00fcs hayat\u0131 sunuyor. T\u00fcrk D\u00fcnyas\u0131\u2019n\u0131n ortak ideallerini bilimsel bir zeminde bulu\u015fturan KTM\u00dc, \u00f6\u011frencilere yaln\u0131zca diploma de\u011fil, evrensel \u00f6l\u00e7ekte bir vizyon kazand\u0131rmay\u0131 ama\u00e7l\u0131yor.<\/p>\n\n\n\n<figure class=\"wp-block-gallery has-nested-images columns-default is-cropped wp-block-gallery-1 is-layout-flex wp-block-gallery-is-layout-flex\">\n<figure class=\"wp-block-image size-large\"><img data-dominant-color=\"726b62\" data-has-transparency=\"false\" style=\"--dominant-color: #726b62;\" fetchpriority=\"high\" decoding=\"async\" width=\"600\" height=\"400\" data-id=\"46127\" src=\"https:\/\/www.egemtv.com\/wp-content\/uploads\/2025\/08\/WhatsApp-Image-2025-08-01-at-14.04.32-600x400.jpeg\" alt=\"\" class=\"wp-image-46127 not-transparent\" srcset=\"https:\/\/www.egemtv.com\/wp-content\/uploads\/2025\/08\/WhatsApp-Image-2025-08-01-at-14.04.32-600x400.jpeg 600w, https:\/\/www.egemtv.com\/wp-content\/uploads\/2025\/08\/WhatsApp-Image-2025-08-01-at-14.04.32-300x200.jpeg 300w, https:\/\/www.egemtv.com\/wp-content\/uploads\/2025\/08\/WhatsApp-Image-2025-08-01-at-14.04.32-768x512.jpeg 768w, https:\/\/www.egemtv.com\/wp-content\/uploads\/2025\/08\/WhatsApp-Image-2025-08-01-at-14.04.32-820x545.jpeg 820w, https:\/\/www.egemtv.com\/wp-content\/uploads\/2025\/08\/WhatsApp-Image-2025-08-01-at-14.04.32.jpeg 1080w\" sizes=\"(max-width: 600px) 100vw, 600px\" \/><\/figure>\n\n\n\n<figure class=\"wp-block-image size-large\"><img data-dominant-color=\"6d7a92\" data-has-transparency=\"false\" style=\"--dominant-color: #6d7a92;\" decoding=\"async\" width=\"600\" height=\"331\" data-id=\"46130\" src=\"https:\/\/www.egemtv.com\/wp-content\/uploads\/2025\/08\/WhatsApp-Image-2025-08-01-at-14.04.33-2-1-600x331.jpeg\" alt=\"\" class=\"wp-image-46130 not-transparent\" srcset=\"https:\/\/www.egemtv.com\/wp-content\/uploads\/2025\/08\/WhatsApp-Image-2025-08-01-at-14.04.33-2-1-600x331.jpeg 600w, https:\/\/www.egemtv.com\/wp-content\/uploads\/2025\/08\/WhatsApp-Image-2025-08-01-at-14.04.33-2-1-300x166.jpeg 300w, https:\/\/www.egemtv.com\/wp-content\/uploads\/2025\/08\/WhatsApp-Image-2025-08-01-at-14.04.33-2-1-768x424.jpeg 768w, https:\/\/www.egemtv.com\/wp-content\/uploads\/2025\/08\/WhatsApp-Image-2025-08-01-at-14.04.33-2-1.jpeg 900w\" sizes=\"(max-width: 600px) 100vw, 600px\" \/><\/figure>\n\n\n\n<figure class=\"wp-block-image size-large\"><img data-dominant-color=\"526a7e\" data-has-transparency=\"false\" style=\"--dominant-color: #526a7e;\" decoding=\"async\" width=\"600\" height=\"361\" data-id=\"46128\" src=\"https:\/\/www.egemtv.com\/wp-content\/uploads\/2025\/08\/WhatsApp-Image-2025-08-01-at-14.04.33-600x361.jpeg\" alt=\"\" class=\"wp-image-46128 not-transparent\" srcset=\"https:\/\/www.egemtv.com\/wp-content\/uploads\/2025\/08\/WhatsApp-Image-2025-08-01-at-14.04.33-600x361.jpeg 600w, https:\/\/www.egemtv.com\/wp-content\/uploads\/2025\/08\/WhatsApp-Image-2025-08-01-at-14.04.33-300x180.jpeg 300w, https:\/\/www.egemtv.com\/wp-content\/uploads\/2025\/08\/WhatsApp-Image-2025-08-01-at-14.04.33-768x462.jpeg 768w, https:\/\/www.egemtv.com\/wp-content\/uploads\/2025\/08\/WhatsApp-Image-2025-08-01-at-14.04.33.jpeg 1080w\" sizes=\"(max-width: 600px) 100vw, 600px\" \/><\/figure>\n\n\n\n<figure class=\"wp-block-image size-large\"><img data-dominant-color=\"c0ac94\" data-has-transparency=\"false\" style=\"--dominant-color: #c0ac94;\" loading=\"lazy\" decoding=\"async\" width=\"600\" height=\"400\" data-id=\"46129\" src=\"https:\/\/www.egemtv.com\/wp-content\/uploads\/2025\/08\/WhatsApp-Image-2025-08-01-at-14.04.34-600x400.jpeg\" alt=\"\" class=\"wp-image-46129 not-transparent\" srcset=\"https:\/\/www.egemtv.com\/wp-content\/uploads\/2025\/08\/WhatsApp-Image-2025-08-01-at-14.04.34-600x400.jpeg 600w, https:\/\/www.egemtv.com\/wp-content\/uploads\/2025\/08\/WhatsApp-Image-2025-08-01-at-14.04.34-300x200.jpeg 300w, https:\/\/www.egemtv.com\/wp-content\/uploads\/2025\/08\/WhatsApp-Image-2025-08-01-at-14.04.34-768x512.jpeg 768w, https:\/\/www.egemtv.com\/wp-content\/uploads\/2025\/08\/WhatsApp-Image-2025-08-01-at-14.04.34-820x545.jpeg 820w, https:\/\/www.egemtv.com\/wp-content\/uploads\/2025\/08\/WhatsApp-Image-2025-08-01-at-14.04.34.jpeg 1080w\" sizes=\"(max-width: 600px) 100vw, 600px\" \/><\/figure>\n<\/figure>\n","protected":false},"excerpt":{"rendered":"<p>K\u0131rg\u0131zistan-T\u00fcrkiye Manas \u00dcniversitesi (KTM\u00dc), Y\u00fcksek\u00f6\u011fretim Kurumlar\u0131 S\u0131nav\u0131 (YKS) adaylar\u0131na sadece bir \u00fcniversite de\u011fil; T\u00fcrk D\u00fcnyas\u0131\u2019n\u0131n ortak de\u011ferlerini, zengin kamp\u00fcs ya\u015fam\u0131n\u0131 ve k\u00fcresel kariyer f\u0131rsatlar\u0131n\u0131 sunan benzersiz bir e\u011fitim kap\u0131s\u0131 aral\u0131yor. Yeni a\u00e7\u0131lan T\u0131p Fak\u00fcltesi ise \u00f6\u011frencilere \u00fc\u00e7 diploma imk\u00e2n\u0131 sa\u011flayarak dikkatleri \u00fczerine \u00e7ekiyor. T\u00fcrk D\u00fcnyas\u0131\u2019n\u0131n \u00f6nc\u00fc e\u011fitim kurumlar\u0131ndan biri olan KTM\u00dc, YKS\u2019ye giren adaylara cazip&#8230;<\/p>\n","protected":false},"author":1,"featured_media":46126,"comment_status":"open","ping_status":"open","sticky":false,"template":"","format":"standard","meta":{"_crdt_document":"","footnotes":""},"categories":[123],"tags":[],"class_list":["post-46125","post","type-post","status-publish","format-standard","has-post-thumbnail","hentry","category-gundem"],"_links":{"self":[{"href":"https:\/\/www.egemtv.com\/index.php?rest_route=\/wp\/v2\/posts\/46125","targetHints":{"allow":["GET"]}}],"collection":[{"href":"https:\/\/www.egemtv.com\/index.php?rest_route=\/wp\/v2\/posts"}],"about":[{"href":"https:\/\/www.egemtv.com\/index.php?rest_route=\/wp\/v2\/types\/post"}],"author":[{"embeddable":true,"href":"https:\/\/www.egemtv.com\/index.php?rest_route=\/wp\/v2\/users\/1"}],"replies":[{"embeddable":true,"href":"https:\/\/www.egemtv.com\/index.php?rest_route=%2Fwp%2Fv2%2Fcomments&post=46125"}],"version-history":[{"count":1,"href":"https:\/\/www.egemtv.com\/index.php?rest_route=\/wp\/v2\/posts\/46125\/revisions"}],"predecessor-version":[{"id":46131,"href":"https:\/\/www.egemtv.com\/index.php?rest_route=\/wp\/v2\/posts\/46125\/revisions\/46131"}],"wp:featuredmedia":[{"embeddable":true,"href":"https:\/\/www.egemtv.com\/index.php?rest_route=\/wp\/v2\/media\/46126"}],"wp:attachment":[{"href":"https:\/\/www.egemtv.com\/index.php?rest_route=%2Fwp%2Fv2%2Fmedia&parent=46125"}],"wp:term":[{"taxonomy":"category","embeddable":true,"href":"https:\/\/www.egemtv.com\/index.php?rest_route=%2Fwp%2Fv2%2Fcategories&post=46125"},{"taxonomy":"post_tag","embeddable":true,"href":"https:\/\/www.egemtv.com\/index.php?rest_route=%2Fwp%2Fv2%2Ftags&post=46125"}],"curies":[{"name":"wp","href":"https:\/\/api.w.org\/{rel}","templated":true}]}}