{"id":46122,"date":"2025-08-01T14:35:37","date_gmt":"2025-08-01T11:35:37","guid":{"rendered":"https:\/\/www.egemtv.com\/?p=46122"},"modified":"2025-08-01T14:35:38","modified_gmt":"2025-08-01T11:35:38","slug":"gordeste-universite-tercihi-icin-rehberlik-destek-unitesi-noktasi-kuruldu","status":"publish","type":"post","link":"https:\/\/www.egemtv.com\/?p=46122","title":{"rendered":"G\u00f6rdes\u2019te \u00fcniversite tercihi i\u00e7in, Rehberlik Destek \u00dcnitesi noktas\u0131 kuruldu"},"content":{"rendered":"<p>Manisa \u0130l Milli E\u011fitim M\u00fcd\u00fcrl\u00fc\u011f\u00fc taraf\u0131ndan, t\u00fcm il\u00e7elerinde oldu\u011fu gibi G\u00f6rdes\u2019te de \u00dcniversite Se\u00e7imi i\u00e7in Tercih Dan\u0131\u015fma noktas\u0131 kuruldu.<br \/>\n<br \/>Manisa\u2019n\u0131n G\u00f6rdes il\u00e7esinde \u0130l\u00e7e Milli E\u011fitim M\u00fcd\u00fcrl\u00fc\u011f\u00fc hizmet binas\u0131 \u00f6n\u00fcnde, \u00dcniversite adaylar\u0131na y\u00f6nelik Tercih Dan\u0131\u015fma noktas\u0131 faaliyete girdi.<br \/>\n<br \/>Manisa \u0130l Milli E\u011fitim M\u00fcd\u00fcrl\u00fc\u011f\u00fc taraf\u0131ndan \u00dcniversite Se\u00e7imi i\u00e7in Tercih Dan\u0131\u015fma noktalar\u0131 17 il\u00e7ede kurularak \u00f6\u011frenci ve vatanda\u015flar\u0131n hizmetine sunuldu. 1 A\u011fustos\u2019ta kurulan destek \u00fcnite noktas\u0131ndaki faaliyetler 13 A\u011fustos tarihinde sona erecek ve her g\u00fcn 10.00-19.00 saatleri aras\u0131nda Rehber \u00d6\u011fretmenler taraf\u0131ndan dan\u0131\u015fmanl\u0131k hizmeti verilecek.<br \/>\n<br \/>G\u00f6rdes \u0130l\u00e7e Milli E\u011fitim M\u00fcd\u00fcr\u00fc \u0130brahim Co\u015fkun \u00c7elik, yapt\u0131\u011f\u0131 a\u00e7\u0131klamada \u00fcniversite se\u00e7imi i\u00e7in tercih dan\u0131\u015fma noktalar\u0131na \u00f6\u011frenci ve velileri beklediklerini ifade etti. \u00c7elik, \u00fcniversite se\u00e7imi i\u00e7in olu\u015fturulan tercih noktalar\u0131n\u0131n kurulumu noktas\u0131nda destek ve katk\u0131 sa\u011flayan Manisa \u0130l Milli E\u011fitim M\u00fcd\u00fcrl\u00fc\u011f\u00fcne ve eme\u011fi ge\u00e7ecek t\u00fcm \u00f6\u011fretmenlere te\u015fekk\u00fcr etti.<br \/><\/p>\n","protected":false},"excerpt":{"rendered":"<p>Manisa \u0130l Milli E\u011fitim M\u00fcd\u00fcrl\u00fc\u011f\u00fc taraf\u0131ndan, t\u00fcm il\u00e7elerinde oldu\u011fu gibi G\u00f6rdes\u2019te de \u00dcniversite Se\u00e7imi i\u00e7in Tercih Dan\u0131\u015fma noktas\u0131 kuruldu. Manisa\u2019n\u0131n G\u00f6rdes il\u00e7esinde \u0130l\u00e7e Milli E\u011fitim M\u00fcd\u00fcrl\u00fc\u011f\u00fc hizmet binas\u0131 \u00f6n\u00fcnde, \u00dcniversite adaylar\u0131na y\u00f6nelik Tercih Dan\u0131\u015fma noktas\u0131 faaliyete girdi. Manisa \u0130l Milli E\u011fitim M\u00fcd\u00fcrl\u00fc\u011f\u00fc taraf\u0131ndan \u00dcniversite Se\u00e7imi i\u00e7in Tercih Dan\u0131\u015fma noktalar\u0131 17 il\u00e7ede kurularak \u00f6\u011frenci ve vatanda\u015flar\u0131n&#8230;<\/p>\n","protected":false},"author":1,"featured_media":46123,"comment_status":"open","ping_status":"open","sticky":false,"template":"","format":"standard","meta":{"_crdt_document":"","footnotes":""},"categories":[1],"tags":[],"class_list":["post-46122","post","type-post","status-publish","format-standard","has-post-thumbnail","hentry","category-guncel"],"_links":{"self":[{"href":"https:\/\/www.egemtv.com\/index.php?rest_route=\/wp\/v2\/posts\/46122","targetHints":{"allow":["GET"]}}],"collection":[{"href":"https:\/\/www.egemtv.com\/index.php?rest_route=\/wp\/v2\/posts"}],"about":[{"href":"https:\/\/www.egemtv.com\/index.php?rest_route=\/wp\/v2\/types\/post"}],"author":[{"embeddable":true,"href":"https:\/\/www.egemtv.com\/index.php?rest_route=\/wp\/v2\/users\/1"}],"replies":[{"embeddable":true,"href":"https:\/\/www.egemtv.com\/index.php?rest_route=%2Fwp%2Fv2%2Fcomments&post=46122"}],"version-history":[{"count":1,"href":"https:\/\/www.egemtv.com\/index.php?rest_route=\/wp\/v2\/posts\/46122\/revisions"}],"predecessor-version":[{"id":46124,"href":"https:\/\/www.egemtv.com\/index.php?rest_route=\/wp\/v2\/posts\/46122\/revisions\/46124"}],"wp:featuredmedia":[{"embeddable":true,"href":"https:\/\/www.egemtv.com\/index.php?rest_route=\/wp\/v2\/media\/46123"}],"wp:attachment":[{"href":"https:\/\/www.egemtv.com\/index.php?rest_route=%2Fwp%2Fv2%2Fmedia&parent=46122"}],"wp:term":[{"taxonomy":"category","embeddable":true,"href":"https:\/\/www.egemtv.com\/index.php?rest_route=%2Fwp%2Fv2%2Fcategories&post=46122"},{"taxonomy":"post_tag","embeddable":true,"href":"https:\/\/www.egemtv.com\/index.php?rest_route=%2Fwp%2Fv2%2Ftags&post=46122"}],"curies":[{"name":"wp","href":"https:\/\/api.w.org\/{rel}","templated":true}]}}