{"id":4612,"date":"2025-01-07T19:56:17","date_gmt":"2025-01-07T16:56:17","guid":{"rendered":"https:\/\/www.egemtv.com\/?p=4612"},"modified":"2025-01-07T19:56:23","modified_gmt":"2025-01-07T16:56:23","slug":"ak-parti-mugla-il-baskani-lacin-adalet-bakani-tuncu-ziyaret-etti","status":"publish","type":"post","link":"https:\/\/www.egemtv.com\/?p=4612","title":{"rendered":"AK Parti Mu\u011fla \u0130l Ba\u015fkan\u0131 La\u00e7in, Adalet Bakan\u0131 Tun\u00e7\u2019u ziyaret etti"},"content":{"rendered":"<p>AK Parti Genel Ba\u015fkan\u0131 ve Cumhurba\u015fkan\u0131 Recep Tayyip Erdo\u011fan\u2019\u0131n da kat\u0131l\u0131m\u0131 ile 21 Aral\u0131k\u2019ta AK Parti Mu\u011fla \u0130l Ba\u015fkan\u0131 se\u00e7ilen Haluk La\u00e7in, Bakanl\u0131k nezdinde ilk ziyaretini Adalet Bakan\u0131 Y\u0131lmaz Tun\u00e7\u2019a ger\u00e7ekle\u015ftirdi.<br \/>\n<br \/>AK Parti Mu\u011fla \u0130l Ba\u015fkan\u0131 Haluk La\u00e7in, AK Parti Mu\u011fla Siyasi Hukuk \u0130\u015fler Ba\u015fkan\u0131 Avukat Ay\u015feg\u00fcl Mungan ile birlikte Adalet Bakan\u0131 Y\u0131lmaz Tun\u00e7\u2019u makam\u0131nda ziyaret ettiler.<br \/>\n<br \/>Ger\u00e7ekle\u015fen ziyarette \u0130l Ba\u015fkan\u0131 Haluk La\u00e7in, Bakan Tun\u00e7\u2019la Mu\u011fla\u2019n\u0131n merkez il\u00e7esi Mente\u015fe ve di\u011fer il\u00e7elerdeki adliye binalar\u0131n\u0131n fiziki kapasiteleri ile ilgili fikir al\u0131\u015fveri\u015finde bulundu. Personel eksikliklerinin de g\u00f6r\u00fc\u015f\u00fcld\u00fc\u011f\u00fc ziyarette \u0130l Ba\u015fkan\u0131 La\u00e7in Bakan Tun\u00e7\u2019a desteklerinden dolay\u0131 te\u015fekk\u00fcr etti.<br \/>\n<br \/><img fetchpriority=\"high\" decoding=\"async\" width=\"1200\" height=\"1600\" src=\"https:\/\/www.egemtv.com\/wp-content\/uploads\/2025\/01\/ak-parti-mugla-il-baskani-lacin-adalet-bakani-tuncu-ziyaret-etti_da3339cf945d.jpg\" class=\"attachment-full size-full not-transparent\" alt=\"\" data-has-transparency=\"false\" data-dominant-color=\"866a5b\" style=\"--dominant-color: #866a5b\" \/><\/p>\n","protected":false},"excerpt":{"rendered":"<p>AK Parti Genel Ba\u015fkan\u0131 ve Cumhurba\u015fkan\u0131 Recep Tayyip Erdo\u011fan\u2019\u0131n da kat\u0131l\u0131m\u0131 ile 21 Aral\u0131k\u2019ta AK Parti Mu\u011fla \u0130l Ba\u015fkan\u0131 se\u00e7ilen Haluk La\u00e7in, Bakanl\u0131k nezdinde ilk ziyaretini Adalet Bakan\u0131 Y\u0131lmaz Tun\u00e7\u2019a ger\u00e7ekle\u015ftirdi. AK Parti Mu\u011fla \u0130l Ba\u015fkan\u0131 Haluk La\u00e7in, AK Parti Mu\u011fla Siyasi Hukuk \u0130\u015fler Ba\u015fkan\u0131 Avukat Ay\u015feg\u00fcl Mungan ile birlikte Adalet Bakan\u0131 Y\u0131lmaz Tun\u00e7\u2019u makam\u0131nda&#8230;<\/p>\n","protected":false},"author":1,"featured_media":4613,"comment_status":"open","ping_status":"open","sticky":false,"template":"","format":"standard","meta":{"_crdt_document":"","footnotes":""},"categories":[127],"tags":[],"class_list":["post-4612","post","type-post","status-publish","format-standard","has-post-thumbnail","hentry","category-siyaset"],"_links":{"self":[{"href":"https:\/\/www.egemtv.com\/index.php?rest_route=\/wp\/v2\/posts\/4612","targetHints":{"allow":["GET"]}}],"collection":[{"href":"https:\/\/www.egemtv.com\/index.php?rest_route=\/wp\/v2\/posts"}],"about":[{"href":"https:\/\/www.egemtv.com\/index.php?rest_route=\/wp\/v2\/types\/post"}],"author":[{"embeddable":true,"href":"https:\/\/www.egemtv.com\/index.php?rest_route=\/wp\/v2\/users\/1"}],"replies":[{"embeddable":true,"href":"https:\/\/www.egemtv.com\/index.php?rest_route=%2Fwp%2Fv2%2Fcomments&post=4612"}],"version-history":[{"count":1,"href":"https:\/\/www.egemtv.com\/index.php?rest_route=\/wp\/v2\/posts\/4612\/revisions"}],"predecessor-version":[{"id":4615,"href":"https:\/\/www.egemtv.com\/index.php?rest_route=\/wp\/v2\/posts\/4612\/revisions\/4615"}],"wp:featuredmedia":[{"embeddable":true,"href":"https:\/\/www.egemtv.com\/index.php?rest_route=\/wp\/v2\/media\/4613"}],"wp:attachment":[{"href":"https:\/\/www.egemtv.com\/index.php?rest_route=%2Fwp%2Fv2%2Fmedia&parent=4612"}],"wp:term":[{"taxonomy":"category","embeddable":true,"href":"https:\/\/www.egemtv.com\/index.php?rest_route=%2Fwp%2Fv2%2Fcategories&post=4612"},{"taxonomy":"post_tag","embeddable":true,"href":"https:\/\/www.egemtv.com\/index.php?rest_route=%2Fwp%2Fv2%2Ftags&post=4612"}],"curies":[{"name":"wp","href":"https:\/\/api.w.org\/{rel}","templated":true}]}}