{"id":46119,"date":"2025-08-01T14:35:36","date_gmt":"2025-08-01T11:35:36","guid":{"rendered":"https:\/\/www.egemtv.com\/?p=46119"},"modified":"2025-08-01T14:35:37","modified_gmt":"2025-08-01T11:35:37","slug":"turgutlu-belediyesi-yuzme-kursunda-son-kayit-tarihi-8-agustos","status":"publish","type":"post","link":"https:\/\/www.egemtv.com\/?p=46119","title":{"rendered":"Turgutlu Belediyesi y\u00fczme kursunda son kay\u0131t tarihi 8 A\u011fustos"},"content":{"rendered":"<p>Turgutlu Belediyesi Yaz Spor Okullar\u0131 b\u00fcnyesindeki y\u00fczme kursuna kay\u0131tlar 8 A\u011fustos Cuma g\u00fcn\u00fc sona erecek. Y\u00fczme kursu, 4 Eyl\u00fcl Per\u015fembe g\u00fcn\u00fcne kadar devam edecek.<br \/>\n<br \/>Turgutlu Belediyesi K\u00fclt\u00fcr ve Sosyal \u0130\u015fler M\u00fcd\u00fcrl\u00fc\u011f\u00fcne ba\u011fl\u0131 olarak a\u00e7\u0131lan y\u00fczme kursunda dersler devam ediyor. Irlamaz Sosyal Tesisleri\u2019nde ger\u00e7ekle\u015fen kursta 7-13 ya\u015f aras\u0131 \u00e7ocuklar i\u00e7in temel y\u00fczme e\u011fitimlerinin yan\u0131 s\u0131ra fiziksel ve bilmekle alakal\u0131 geli\u015fimlerini destekleyecek aktiviteler de yap\u0131l\u0131yor. Y\u00fczme kursunda ayn\u0131 zamanda ya\u015f\u0131tlar\u0131yla zaman ge\u00e7iren \u00e7ocuklar sosyalle\u015fme imkan\u0131na da sahip oluyorlar.<\/p>\n<p>Son ders 4 Eyl\u00fcl Per\u015fembe<br \/>\n<br \/>Yaz Spor Okullar\u0131 kapsam\u0131nda ger\u00e7ekle\u015fen y\u00fczme kursuna kay\u0131tlar 8 A\u011fustos Cuma g\u00fcn\u00fcne kadar devam edecek. Dersler ise 4 Eyl\u00fcl Per\u015fembe g\u00fcn\u00fc sona erecek. Kay\u0131tlar\u0131n, Turgutlu Belediyesi Hizmet Binas\u0131 zemin kat\u0131nda, 09.00-12.30 \/ 13.30-17.00 saatleri aras\u0131nda yap\u0131ld\u0131\u011f\u0131 y\u00fczme kursu hakk\u0131nda 0236 313 21 22 numaral\u0131 telefon \u00fczerinden detayl\u0131 bilgi al\u0131nabilir.<br \/>\n<br \/>Yaz Spor Okullar\u0131 b\u00fcnyesindeki y\u00fczme kursuyla \u00e7ocuklar\u0131n temel y\u00fczme e\u011fitimlerini almas\u0131n\u0131n yan\u0131 s\u0131ra profesyonel y\u00fcz\u00fcc\u00fclerin yeti\u015ftirilmesinin de ama\u00e7land\u0131\u011f\u0131n\u0131 ifade eden Turgutlu Belediye Ba\u015fkan Yard\u0131mc\u0131s\u0131 H\u00fcseyin Maliz, &#8220;\u00c7ocuklar\u0131m\u0131z\u0131n g\u00fc\u00e7 ve diren\u00e7 kazanmalar\u0131, denge ve koordinasyon becerilerini geli\u015ftirmeleri ve bunlar\u0131 yaparken de e\u011flenceli ve mutlu bir yaz d\u00f6nemi ge\u00e7irmeleri a\u00e7t\u0131\u011f\u0131m\u0131z y\u00fczme kursumuzda dersler devam ediyor. Aileler, 4 Eyl\u00fcl\u2019de sona erecek y\u00fczme kursumuz i\u00e7in 8 A\u011fustos Cuma g\u00fcn\u00fcne kadar kay\u0131t yapt\u0131rabilirler&#8221; \u015feklinde konu\u015ftu.<br \/><\/p>\n","protected":false},"excerpt":{"rendered":"<p>Turgutlu Belediyesi Yaz Spor Okullar\u0131 b\u00fcnyesindeki y\u00fczme kursuna kay\u0131tlar 8 A\u011fustos Cuma g\u00fcn\u00fc sona erecek. Y\u00fczme kursu, 4 Eyl\u00fcl Per\u015fembe g\u00fcn\u00fcne kadar devam edecek. Turgutlu Belediyesi K\u00fclt\u00fcr ve Sosyal \u0130\u015fler M\u00fcd\u00fcrl\u00fc\u011f\u00fcne ba\u011fl\u0131 olarak a\u00e7\u0131lan y\u00fczme kursunda dersler devam ediyor. Irlamaz Sosyal Tesisleri\u2019nde ger\u00e7ekle\u015fen kursta 7-13 ya\u015f aras\u0131 \u00e7ocuklar i\u00e7in temel y\u00fczme e\u011fitimlerinin yan\u0131 s\u0131ra fiziksel&#8230;<\/p>\n","protected":false},"author":1,"featured_media":46120,"comment_status":"open","ping_status":"open","sticky":false,"template":"","format":"standard","meta":{"_crdt_document":"","footnotes":""},"categories":[4],"tags":[],"class_list":["post-46119","post","type-post","status-publish","format-standard","has-post-thumbnail","hentry","category-spor"],"_links":{"self":[{"href":"https:\/\/www.egemtv.com\/index.php?rest_route=\/wp\/v2\/posts\/46119","targetHints":{"allow":["GET"]}}],"collection":[{"href":"https:\/\/www.egemtv.com\/index.php?rest_route=\/wp\/v2\/posts"}],"about":[{"href":"https:\/\/www.egemtv.com\/index.php?rest_route=\/wp\/v2\/types\/post"}],"author":[{"embeddable":true,"href":"https:\/\/www.egemtv.com\/index.php?rest_route=\/wp\/v2\/users\/1"}],"replies":[{"embeddable":true,"href":"https:\/\/www.egemtv.com\/index.php?rest_route=%2Fwp%2Fv2%2Fcomments&post=46119"}],"version-history":[{"count":1,"href":"https:\/\/www.egemtv.com\/index.php?rest_route=\/wp\/v2\/posts\/46119\/revisions"}],"predecessor-version":[{"id":46121,"href":"https:\/\/www.egemtv.com\/index.php?rest_route=\/wp\/v2\/posts\/46119\/revisions\/46121"}],"wp:featuredmedia":[{"embeddable":true,"href":"https:\/\/www.egemtv.com\/index.php?rest_route=\/wp\/v2\/media\/46120"}],"wp:attachment":[{"href":"https:\/\/www.egemtv.com\/index.php?rest_route=%2Fwp%2Fv2%2Fmedia&parent=46119"}],"wp:term":[{"taxonomy":"category","embeddable":true,"href":"https:\/\/www.egemtv.com\/index.php?rest_route=%2Fwp%2Fv2%2Fcategories&post=46119"},{"taxonomy":"post_tag","embeddable":true,"href":"https:\/\/www.egemtv.com\/index.php?rest_route=%2Fwp%2Fv2%2Ftags&post=46119"}],"curies":[{"name":"wp","href":"https:\/\/api.w.org\/{rel}","templated":true}]}}