{"id":46116,"date":"2025-08-01T14:35:35","date_gmt":"2025-08-01T11:35:35","guid":{"rendered":"https:\/\/www.egemtv.com\/?p=46116"},"modified":"2025-08-01T14:35:36","modified_gmt":"2025-08-01T11:35:36","slug":"havaya-ates-acan-sahislar-yangina-sebep-oldu","status":"publish","type":"post","link":"https:\/\/www.egemtv.com\/?p=46116","title":{"rendered":"Havaya ate\u015f a\u00e7an \u015fah\u0131slar yang\u0131na sebep oldu"},"content":{"rendered":"<p>Ayd\u0131n\u2019\u0131n Efeler il\u00e7esinde yeni yap\u0131lan mezarl\u0131k alan\u0131n \u00fcst b\u00f6l\u00fcm\u00fcnde havaya ate\u015f a\u00e7t\u0131klar\u0131 ve yere d\u00fc\u015fen s\u0131cak kovanlar sebebiyle kuru otlar\u0131n tutu\u015fmas\u0131na sebep olan 4 \u015f\u00fcpheli k\u0131sa s\u00fcrede yakalan\u0131rken, yang\u0131n mezarlara ula\u015fmadan itfaiyenin h\u0131zl\u0131 m\u00fcdahalesiyle s\u00f6nd\u00fcr\u00fcld\u00fc.<\/p>\n<p>Yang\u0131n, Efeler il\u00e7esi Kemer Mahallesi\u2019nde meydana geldi. Edinilen bilgiye g\u00f6re Kemer Mezarl\u0131\u011f\u0131\u2019n\u0131n yeni defin alan\u0131n\u0131n oldu\u011fu b\u00f6lgenin \u00fcst taraf\u0131nda bulunan arazide yang\u0131n \u00e7\u0131kt\u0131. Alevleri fark eden vatanda\u015flar durumu 112 Acil \u00c7a\u011fr\u0131 Merkezi\u2019ne bildirdi. \u0130hbar \u00fczerine b\u00f6lgeye polis ve itfaiye ekipleri sevk edildi. K\u0131sa s\u00fcrede olay yerine gelen itfaiye ekipleri yang\u0131na m\u00fcdahale ederek, alevlerin mezarl\u0131k alan\u0131na ula\u015fmas\u0131n\u0131 engelledi. Etkili olan r\u00fczgar sebebiyle b\u00f6lgedeki kuru otlar h\u0131zla tutu\u015farak yang\u0131n\u0131 geni\u015f alana yayarken, itfaiye ekiplerinin h\u0131zl\u0131 m\u00fcdahalesi ile yang\u0131n s\u00f6nd\u00fcr\u00fcld\u00fc. B\u00f6lgede so\u011futma \u00e7al\u0131\u015fmalar\u0131 s\u00fcr\u00fcyor.<\/p>\n<p>Havaya a\u00e7\u0131lan ate\u015f yang\u0131na sebep olmu\u015f<br \/>\n<br \/>\u00d6te yandan yang\u0131n\u0131n \u00e7\u0131k\u0131\u015f nedeninin belirlenmesi i\u00e7in \u00e7al\u0131\u015fma ba\u015flat\u0131l\u0131rken, g\u00f6rg\u00fc tan\u0131klar\u0131n\u0131n ifadelerine g\u00f6re 09 AEK 760 plakal\u0131 bir ara\u00e7la b\u00f6lgeye gelen 4 \u015f\u00fcpheli, bir s\u00fcre sonra yanlar\u0131nda bulunan silah ile yakla\u015f\u0131k 4 el havaya ate\u015f a\u00e7t\u0131. \u015e\u00fcphelilerin havaya ate\u015f a\u00e7mas\u0131 sonucu silahtan \u00e7\u0131kan s\u0131cak kovan kuru otlar\u0131 tutu\u015fturdu. Yang\u0131n\u0131n \u00e7\u0131kmas\u0131 \u00fczerine \u015f\u00fcpheliler ara\u00e7lar\u0131na binerek h\u0131zla olay yerinden ka\u00e7t\u0131. G\u00f6rg\u00fc tan\u0131klar\u0131n\u0131n ihbar\u0131 \u00fczerine \u015f\u00fcpheli arac\u0131n bulunmas\u0131 i\u00e7in polis ekipleri \u00e7al\u0131\u015fma ba\u015flatt\u0131. Yap\u0131lan \u00e7al\u0131\u015fmalar sonucunda \u015f\u00fcpheli ara\u00e7 ve \u015f\u00fcpheliler k\u0131sa s\u00fcrede bulundu. Yakalanarak g\u00f6zalt\u0131na al\u0131nan 4 \u015fah\u0131s ifadesi al\u0131nmak \u00fczere karakola g\u00f6t\u00fcr\u00fcld\u00fc.<\/p>\n<p>Olayla ilgili inceleme ba\u015flat\u0131ld\u0131.<br \/><\/p>\n","protected":false},"excerpt":{"rendered":"<p>Ayd\u0131n\u2019\u0131n Efeler il\u00e7esinde yeni yap\u0131lan mezarl\u0131k alan\u0131n \u00fcst b\u00f6l\u00fcm\u00fcnde havaya ate\u015f a\u00e7t\u0131klar\u0131 ve yere d\u00fc\u015fen s\u0131cak kovanlar sebebiyle kuru otlar\u0131n tutu\u015fmas\u0131na sebep olan 4 \u015f\u00fcpheli k\u0131sa s\u00fcrede yakalan\u0131rken, yang\u0131n mezarlara ula\u015fmadan itfaiyenin h\u0131zl\u0131 m\u00fcdahalesiyle s\u00f6nd\u00fcr\u00fcld\u00fc. Yang\u0131n, Efeler il\u00e7esi Kemer Mahallesi\u2019nde meydana geldi. Edinilen bilgiye g\u00f6re Kemer Mezarl\u0131\u011f\u0131\u2019n\u0131n yeni defin alan\u0131n\u0131n oldu\u011fu b\u00f6lgenin \u00fcst taraf\u0131nda bulunan&#8230;<\/p>\n","protected":false},"author":1,"featured_media":46117,"comment_status":"open","ping_status":"open","sticky":false,"template":"","format":"standard","meta":{"_crdt_document":"","footnotes":""},"categories":[5],"tags":[],"class_list":["post-46116","post","type-post","status-publish","format-standard","has-post-thumbnail","hentry","category-asayis"],"_links":{"self":[{"href":"https:\/\/www.egemtv.com\/index.php?rest_route=\/wp\/v2\/posts\/46116","targetHints":{"allow":["GET"]}}],"collection":[{"href":"https:\/\/www.egemtv.com\/index.php?rest_route=\/wp\/v2\/posts"}],"about":[{"href":"https:\/\/www.egemtv.com\/index.php?rest_route=\/wp\/v2\/types\/post"}],"author":[{"embeddable":true,"href":"https:\/\/www.egemtv.com\/index.php?rest_route=\/wp\/v2\/users\/1"}],"replies":[{"embeddable":true,"href":"https:\/\/www.egemtv.com\/index.php?rest_route=%2Fwp%2Fv2%2Fcomments&post=46116"}],"version-history":[{"count":1,"href":"https:\/\/www.egemtv.com\/index.php?rest_route=\/wp\/v2\/posts\/46116\/revisions"}],"predecessor-version":[{"id":46118,"href":"https:\/\/www.egemtv.com\/index.php?rest_route=\/wp\/v2\/posts\/46116\/revisions\/46118"}],"wp:featuredmedia":[{"embeddable":true,"href":"https:\/\/www.egemtv.com\/index.php?rest_route=\/wp\/v2\/media\/46117"}],"wp:attachment":[{"href":"https:\/\/www.egemtv.com\/index.php?rest_route=%2Fwp%2Fv2%2Fmedia&parent=46116"}],"wp:term":[{"taxonomy":"category","embeddable":true,"href":"https:\/\/www.egemtv.com\/index.php?rest_route=%2Fwp%2Fv2%2Fcategories&post=46116"},{"taxonomy":"post_tag","embeddable":true,"href":"https:\/\/www.egemtv.com\/index.php?rest_route=%2Fwp%2Fv2%2Ftags&post=46116"}],"curies":[{"name":"wp","href":"https:\/\/api.w.org\/{rel}","templated":true}]}}