{"id":46113,"date":"2025-08-01T14:35:34","date_gmt":"2025-08-01T11:35:34","guid":{"rendered":"https:\/\/www.egemtv.com\/?p=46113"},"modified":"2025-08-01T14:35:35","modified_gmt":"2025-08-01T11:35:35","slug":"tasarruf-tedbirini-sadece-vatandas-uyguladi-resmi-kurumlar-devletin-yakitini-acimadi","status":"publish","type":"post","link":"https:\/\/www.egemtv.com\/?p=46113","title":{"rendered":"Tasarruf tedbirini sadece vatanda\u015f uygulad\u0131;  Resmi kurumlar devletin yak\u0131t\u0131n\u0131 ac\u0131mad\u0131"},"content":{"rendered":"<p>\u0130\u00e7i\u015fleri Bakanl\u0131\u011f\u0131 taraf\u0131ndan bug\u00fcn Ayd\u0131n\u2019da ger\u00e7ekle\u015ftirilen bir toplant\u0131, kamuda israf\u0131n boyutlar\u0131n\u0131 g\u00f6zler \u00f6n\u00fcne serdi. Saat 11.30\u2019da ba\u015flay\u0131p yakla\u015f\u0131k 13.00\u2019e kadar devam edecek toplant\u0131ya kat\u0131l\u0131mc\u0131 getiren makam ara\u00e7lar\u0131n\u0131n \u00f6nemli bir k\u0131sm\u0131, ara\u00e7 i\u00e7i serinli\u011fini muhafaza etmek i\u00e7in toplant\u0131 boyunca kontak kapatmad\u0131. Bir yandan tasarruftan s\u00f6z edip di\u011fer yandan saatlerce makam ara\u00e7lar\u0131n\u0131n bo\u015fa \u00e7al\u0131\u015ft\u0131r\u0131lmas\u0131 herkesi \u015fa\u015f\u0131rtt\u0131.<\/p>\n<p>\u0130\u00e7i\u015fleri Bakan Yard\u0131mc\u0131s\u0131 Kolluk G\u00f6zetim Komisyonu Ba\u015fkan\u0131 Mehmet Sa\u011flam Ba\u015fkanl\u0131\u011f\u0131\u2019nda Ayd\u0131n \u0130li \u0130sti\u015fare Toplant\u0131s\u0131 yap\u0131ld\u0131. Belediye Ba\u015fkanlar\u0131, \u0130l\u00e7e Kaymakamlar\u0131 ve Sivil Toplum Kurumu temsilcilerinin kat\u0131ld\u0131\u011f\u0131 toplant\u0131ya, makam sahibi olanlar devletin tahsis etti\u011fi makam ara\u00e7lar\u0131 ile kat\u0131l\u0131rken, di\u011fer kat\u0131l\u0131mc\u0131lar ise kendi \u00f6zel ara\u00e7lar\u0131 ile toplant\u0131ya i\u015ftirak etti.<\/p>\n<p>&#8220;Tasarruf tedbirleri kimsenin umuruna gitmedi&#8221;<br \/>\n<br \/>Devlet Su \u0130\u015fleri 21. B\u00f6lge M\u00fcd\u00fcrl\u00fc\u011f\u00fc\u2019n\u00fcn toplant\u0131 salonunda ger\u00e7ekle\u015ftirilen programa kat\u0131l\u0131mc\u0131 getiren makam ara\u00e7lar\u0131n\u0131n kontak kapatmamas\u0131, vatanda\u015flar\u0131 ve gazetecileri \u015fa\u015f\u0131rtt\u0131. Sivil ara\u00e7lar\u0131n tamam\u0131 hem israf\u0131 \u00f6nlemek hem de bo\u015funa yak\u0131t harcamamak i\u00e7in kontak kapat\u0131rken, makam ara\u00e7lar\u0131n\u0131n tasarruf tedbirlerini hi\u00e7e saymas\u0131 dikkat \u00e7ekti.<\/p>\n<p>Ba\u015fta \u00e7al\u0131\u015fanlar\u0131n maa\u015flar\u0131n\u0131 \u00f6deyemeyen Efeler Belediyesi\u2019nin ara\u00e7lar\u0131 olmak \u00fczere makam ara\u00e7lar\u0131n\u0131n neredeyse tamam\u0131n\u0131n uzun s\u00fcre \u00e7al\u0131\u015f\u0131r vaziyette tutulmas\u0131na kimsenin m\u00fcdahale etmemesi de dikkat \u00e7ekti.<br \/><\/p>\n","protected":false},"excerpt":{"rendered":"<p>\u0130\u00e7i\u015fleri Bakanl\u0131\u011f\u0131 taraf\u0131ndan bug\u00fcn Ayd\u0131n\u2019da ger\u00e7ekle\u015ftirilen bir toplant\u0131, kamuda israf\u0131n boyutlar\u0131n\u0131 g\u00f6zler \u00f6n\u00fcne serdi. Saat 11.30\u2019da ba\u015flay\u0131p yakla\u015f\u0131k 13.00\u2019e kadar devam edecek toplant\u0131ya kat\u0131l\u0131mc\u0131 getiren makam ara\u00e7lar\u0131n\u0131n \u00f6nemli bir k\u0131sm\u0131, ara\u00e7 i\u00e7i serinli\u011fini muhafaza etmek i\u00e7in toplant\u0131 boyunca kontak kapatmad\u0131. Bir yandan tasarruftan s\u00f6z edip di\u011fer yandan saatlerce makam ara\u00e7lar\u0131n\u0131n bo\u015fa \u00e7al\u0131\u015ft\u0131r\u0131lmas\u0131 herkesi \u015fa\u015f\u0131rtt\u0131. \u0130\u00e7i\u015fleri&#8230;<\/p>\n","protected":false},"author":1,"featured_media":46114,"comment_status":"open","ping_status":"open","sticky":false,"template":"","format":"standard","meta":{"_crdt_document":"","footnotes":""},"categories":[125],"tags":[],"class_list":["post-46113","post","type-post","status-publish","format-standard","has-post-thumbnail","hentry","category-ekonomi"],"_links":{"self":[{"href":"https:\/\/www.egemtv.com\/index.php?rest_route=\/wp\/v2\/posts\/46113","targetHints":{"allow":["GET"]}}],"collection":[{"href":"https:\/\/www.egemtv.com\/index.php?rest_route=\/wp\/v2\/posts"}],"about":[{"href":"https:\/\/www.egemtv.com\/index.php?rest_route=\/wp\/v2\/types\/post"}],"author":[{"embeddable":true,"href":"https:\/\/www.egemtv.com\/index.php?rest_route=\/wp\/v2\/users\/1"}],"replies":[{"embeddable":true,"href":"https:\/\/www.egemtv.com\/index.php?rest_route=%2Fwp%2Fv2%2Fcomments&post=46113"}],"version-history":[{"count":1,"href":"https:\/\/www.egemtv.com\/index.php?rest_route=\/wp\/v2\/posts\/46113\/revisions"}],"predecessor-version":[{"id":46115,"href":"https:\/\/www.egemtv.com\/index.php?rest_route=\/wp\/v2\/posts\/46113\/revisions\/46115"}],"wp:featuredmedia":[{"embeddable":true,"href":"https:\/\/www.egemtv.com\/index.php?rest_route=\/wp\/v2\/media\/46114"}],"wp:attachment":[{"href":"https:\/\/www.egemtv.com\/index.php?rest_route=%2Fwp%2Fv2%2Fmedia&parent=46113"}],"wp:term":[{"taxonomy":"category","embeddable":true,"href":"https:\/\/www.egemtv.com\/index.php?rest_route=%2Fwp%2Fv2%2Fcategories&post=46113"},{"taxonomy":"post_tag","embeddable":true,"href":"https:\/\/www.egemtv.com\/index.php?rest_route=%2Fwp%2Fv2%2Ftags&post=46113"}],"curies":[{"name":"wp","href":"https:\/\/api.w.org\/{rel}","templated":true}]}}