{"id":46110,"date":"2025-08-01T14:15:42","date_gmt":"2025-08-01T11:15:42","guid":{"rendered":"https:\/\/www.egemtv.com\/?p=46110"},"modified":"2025-08-01T14:15:43","modified_gmt":"2025-08-01T11:15:43","slug":"rektor-savas-usaktaki-lise-yoneticileriyle-bir-araya-geldi","status":"publish","type":"post","link":"https:\/\/www.egemtv.com\/?p=46110","title":{"rendered":"Rekt\u00f6r Sava\u015f, U\u015fak\u2019taki lise y\u00f6neticileriyle bir araya geldi"},"content":{"rendered":"<p>U\u015fak \u00dcniversitesi Rekt\u00f6r\u00fc Prof. Dr. Ekrem Sava\u015f, U\u015fak\u2019taki lise y\u00f6neticileri ve rehberlik \u00f6\u011fretmenleriyle bir araya geldi.<\/p>\n<p>Toplant\u0131 Ertu\u011frul Gazi Anadolu \u0130mam Hatip Lisesinde d\u00fczenlendi. U\u015fak \u00dcniversitesi Rekt\u00f6r\u00fc Prof. Dr. Ekrem Sava\u015f kaliteli e\u011fitimin adresinin U\u015fak \u00dcniversite oldu\u011funa dikkat \u00e7ekerek, uluslararas\u0131 alanda tan\u0131nan bir \u00fcniversite olarak kaliteli \u00e7al\u0131\u015fmalar yapt\u0131klar\u0131n\u0131n g\u00f6stergesinin Y\u00d6KAK taraf\u0131ndan da tescillendi\u011fini ifade etti.<br \/>\n<br \/>U\u015fak \u00dcniversitesi\u2019ni tercih eden \u00f6\u011frencilerin, \u00f6\u011frenci topluluklar\u0131, T\u00dcB\u0130TAK ve BAP destekleri, uluslararas\u0131 anla\u015fmalarla yurtd\u0131\u015f\u0131 deneyimi, sosyal ve k\u00fclt\u00fcrel etkinliklerle dolu dolu bir e\u011fitim s\u00fcrecine dahil olacaklar\u0131n\u0131 belirten Rekt\u00f6r Sava\u015f, 5 y\u0131ll\u0131k tam akredite olan \u00fcniversite olarak \u00f6\u011frencileri beklediklerini dile getirdi.<\/p>\n<p>Rekt\u00f6r Sava\u015f: &#8220;Tam Akredite \u00dcniversiteyiz, gelece\u011fe g\u00fcvenle bak\u0131yoruz&#8221;<br \/>\n<br \/>Rekt\u00f6r Prof. Dr. Ekrem Sava\u015f, U\u015fak \u00dcniversitesinin Y\u00d6KAK taraf\u0131ndan tam akredite edildi\u011fini ve bu sayede mezunlar\u0131n\u0131n diplomalar\u0131n\u0131 uluslararas\u0131 d\u00fczeyde ge\u00e7erli \u015fekilde kullanabildi\u011fini belirtti. Kalite \u00e7al\u0131\u015fmalar\u0131na \u00f6nem verdiklerini belirten Rekt\u00f6r Sava\u015f, 15 program\u0131n akredite oldu\u011funu, 30 program\u0131n ise de\u011ferlendirme s\u00fcrecinde oldu\u011funu ifade etti.<br \/>\n<br \/>U\u015fak \u00dcniversitesinin uluslararas\u0131 ba\u015far\u0131lar\u0131na da de\u011finen Sava\u015f, THE Impact Rankings 2025\u2019te d\u00fcnya genelinde 1001-1500 band\u0131nda yer ald\u0131klar\u0131n\u0131 ve SDG 4 &#8211; Nitelikli E\u011fitim alan\u0131nda ilk 400 \u00fcniversite aras\u0131na girdiklerini aktard\u0131.<br \/>\n<br \/>\u00dcniversitenin akademik kadrosunu g\u00fc\u00e7lendirdiklerini vurgulayan Sava\u015f, 2017 y\u0131l\u0131nda her 45 \u00f6\u011frenciye bir akademisyen d\u00fc\u015ferken, bu say\u0131n\u0131n 2025\u2019te 26\u2019ya indi\u011fini s\u00f6yledi.<\/p>\n<p>\u00d6\u011frencisinden tam not alan \u00fcniversite Y\u00fcksek\u00f6\u011fretim Kurulu (Y\u00d6K) taraf\u0131ndan geli\u015ftirilen T\u00fcrkiye \u00dcniversite Deneyim Ara\u015ft\u0131rmas\u0131 (T\u00dcDA) 2025 sonu\u00e7lar\u0131na da de\u011finen Rekt\u00f6r Sava\u015f, U\u015fak \u00dcniversitesinin 205 \u00fcniversite aras\u0131nda genel memnuniyet s\u0131ralamas\u0131nda 36\u2019nc\u0131, 2006 ve sonras\u0131 kurulan \u00fcniversiteler aras\u0131nda ise 2\u2019nci s\u0131rada yer ald\u0131\u011f\u0131n\u0131 aktard\u0131.<br \/><\/p>\n","protected":false},"excerpt":{"rendered":"<p>U\u015fak \u00dcniversitesi Rekt\u00f6r\u00fc Prof. Dr. Ekrem Sava\u015f, U\u015fak\u2019taki lise y\u00f6neticileri ve rehberlik \u00f6\u011fretmenleriyle bir araya geldi. Toplant\u0131 Ertu\u011frul Gazi Anadolu \u0130mam Hatip Lisesinde d\u00fczenlendi. U\u015fak \u00dcniversitesi Rekt\u00f6r\u00fc Prof. Dr. Ekrem Sava\u015f kaliteli e\u011fitimin adresinin U\u015fak \u00dcniversite oldu\u011funa dikkat \u00e7ekerek, uluslararas\u0131 alanda tan\u0131nan bir \u00fcniversite olarak kaliteli \u00e7al\u0131\u015fmalar yapt\u0131klar\u0131n\u0131n g\u00f6stergesinin Y\u00d6KAK taraf\u0131ndan da tescillendi\u011fini ifade etti&#8230;.<\/p>\n","protected":false},"author":1,"featured_media":46111,"comment_status":"open","ping_status":"open","sticky":false,"template":"","format":"standard","meta":{"_crdt_document":"","footnotes":""},"categories":[1],"tags":[],"class_list":["post-46110","post","type-post","status-publish","format-standard","has-post-thumbnail","hentry","category-guncel"],"_links":{"self":[{"href":"https:\/\/www.egemtv.com\/index.php?rest_route=\/wp\/v2\/posts\/46110","targetHints":{"allow":["GET"]}}],"collection":[{"href":"https:\/\/www.egemtv.com\/index.php?rest_route=\/wp\/v2\/posts"}],"about":[{"href":"https:\/\/www.egemtv.com\/index.php?rest_route=\/wp\/v2\/types\/post"}],"author":[{"embeddable":true,"href":"https:\/\/www.egemtv.com\/index.php?rest_route=\/wp\/v2\/users\/1"}],"replies":[{"embeddable":true,"href":"https:\/\/www.egemtv.com\/index.php?rest_route=%2Fwp%2Fv2%2Fcomments&post=46110"}],"version-history":[{"count":1,"href":"https:\/\/www.egemtv.com\/index.php?rest_route=\/wp\/v2\/posts\/46110\/revisions"}],"predecessor-version":[{"id":46112,"href":"https:\/\/www.egemtv.com\/index.php?rest_route=\/wp\/v2\/posts\/46110\/revisions\/46112"}],"wp:featuredmedia":[{"embeddable":true,"href":"https:\/\/www.egemtv.com\/index.php?rest_route=\/wp\/v2\/media\/46111"}],"wp:attachment":[{"href":"https:\/\/www.egemtv.com\/index.php?rest_route=%2Fwp%2Fv2%2Fmedia&parent=46110"}],"wp:term":[{"taxonomy":"category","embeddable":true,"href":"https:\/\/www.egemtv.com\/index.php?rest_route=%2Fwp%2Fv2%2Fcategories&post=46110"},{"taxonomy":"post_tag","embeddable":true,"href":"https:\/\/www.egemtv.com\/index.php?rest_route=%2Fwp%2Fv2%2Ftags&post=46110"}],"curies":[{"name":"wp","href":"https:\/\/api.w.org\/{rel}","templated":true}]}}