{"id":46107,"date":"2025-08-01T14:15:41","date_gmt":"2025-08-01T11:15:41","guid":{"rendered":"https:\/\/www.egemtv.com\/?p=46107"},"modified":"2025-08-01T14:15:42","modified_gmt":"2025-08-01T11:15:42","slug":"kopegi-icin-hukuk-mucadelesi-baslatti","status":"publish","type":"post","link":"https:\/\/www.egemtv.com\/?p=46107","title":{"rendered":"K\u00f6pe\u011fi i\u00e7in hukuk m\u00fccadelesi ba\u015flatt\u0131"},"content":{"rendered":"<p>Mu\u011fla\u2019n\u0131n Bodrum il\u00e7esinde otomobilin alt\u0131nda kalarak a\u011f\u0131r \u015fekilde yaralanan &#8220;\u00c7inko&#8221; isimli k\u00f6pek, 12 g\u00fcnl\u00fck ya\u015fam m\u00fccadelesi sonunda hayat\u0131n\u0131 kaybetti. K\u00f6pe\u011fin sahibi P\u0131nar Kurto\u011flu, hukuk m\u00fccadelesi ba\u015flatt\u0131.<\/p>\n<p>Ge\u00e7en 17 Temmuz g\u00fcn\u00fc sabah saatlerinde Yal\u0131kavak Mahallesi\u2019nde ya\u015fanan olayda; P\u0131nar Kurto\u011flu adl\u0131 vatanda\u015f\u0131n \u00c7inko isimli k\u00f6pe\u011fi site \u00e7evresinde y\u00fcr\u00fcy\u00fc\u015f yapt\u0131\u011f\u0131 s\u0131rada \u0130.\u00d6.\u2019n\u00fcn kulland\u0131\u011f\u0131 07 AAH 95 plakal\u0131 otomobil, k\u00f6pe\u011fe \u00e7arp\u0131p daha sonra alt\u0131na ald\u0131. \u00c7evredeki vatanda\u015flar\u0131n tepki g\u00f6sterdi\u011fi s\u00fcr\u00fcc\u00fc, arac\u0131ndan inip bir s\u00fcre b\u00f6lgede bekledi.<\/p>\n<p>Daha sonra a\u011f\u0131r yaral\u0131 k\u00f6pe\u011fe yard\u0131m etmeyen \u0130.\u00d6., arac\u0131na binip b\u00f6lgeden ayr\u0131ld\u0131. A\u011f\u0131r yaralanan \u00c7inko, sahibi P\u0131nar Kurto\u011flu taraf\u0131ndan veterinere g\u00f6t\u00fcr\u00fcld\u00fc. 12 g\u00fcn ya\u015fam m\u00fccadelesi veren k\u00f6pek, hayat\u0131n\u0131 kaybetti. 12 y\u0131l \u00f6nce yaral\u0131 halde bulup sahiplendi\u011fi k\u00f6pe\u011fini kaybetmenin \u00fcz\u00fcnt\u00fcn\u00fc ya\u015fayan P\u0131nar Kurto\u011flu, otomobil s\u00fcr\u00fcc\u00fcs\u00fc \u0130.\u00d6. hakk\u0131nda \u015fikayette bulundu.<\/p>\n<p>\u00d6te yandan olay an\u0131 saniye saniye g\u00fcvenlik kameras\u0131na yans\u0131d\u0131. G\u00f6r\u00fcnt\u00fclerin sosyal medyada payla\u015f\u0131lmas\u0131n\u0131n ard\u0131ndan b\u00fcy\u00fck tepki olu\u015ftu.<br \/><\/p>\n","protected":false},"excerpt":{"rendered":"<p>Mu\u011fla\u2019n\u0131n Bodrum il\u00e7esinde otomobilin alt\u0131nda kalarak a\u011f\u0131r \u015fekilde yaralanan &#8220;\u00c7inko&#8221; isimli k\u00f6pek, 12 g\u00fcnl\u00fck ya\u015fam m\u00fccadelesi sonunda hayat\u0131n\u0131 kaybetti. K\u00f6pe\u011fin sahibi P\u0131nar Kurto\u011flu, hukuk m\u00fccadelesi ba\u015flatt\u0131. Ge\u00e7en 17 Temmuz g\u00fcn\u00fc sabah saatlerinde Yal\u0131kavak Mahallesi\u2019nde ya\u015fanan olayda; P\u0131nar Kurto\u011flu adl\u0131 vatanda\u015f\u0131n \u00c7inko isimli k\u00f6pe\u011fi site \u00e7evresinde y\u00fcr\u00fcy\u00fc\u015f yapt\u0131\u011f\u0131 s\u0131rada \u0130.\u00d6.\u2019n\u00fcn kulland\u0131\u011f\u0131 07 AAH 95 plakal\u0131 otomobil,&#8230;<\/p>\n","protected":false},"author":1,"featured_media":46108,"comment_status":"open","ping_status":"open","sticky":false,"template":"","format":"standard","meta":{"_crdt_document":"","footnotes":""},"categories":[5],"tags":[],"class_list":["post-46107","post","type-post","status-publish","format-standard","has-post-thumbnail","hentry","category-asayis"],"_links":{"self":[{"href":"https:\/\/www.egemtv.com\/index.php?rest_route=\/wp\/v2\/posts\/46107","targetHints":{"allow":["GET"]}}],"collection":[{"href":"https:\/\/www.egemtv.com\/index.php?rest_route=\/wp\/v2\/posts"}],"about":[{"href":"https:\/\/www.egemtv.com\/index.php?rest_route=\/wp\/v2\/types\/post"}],"author":[{"embeddable":true,"href":"https:\/\/www.egemtv.com\/index.php?rest_route=\/wp\/v2\/users\/1"}],"replies":[{"embeddable":true,"href":"https:\/\/www.egemtv.com\/index.php?rest_route=%2Fwp%2Fv2%2Fcomments&post=46107"}],"version-history":[{"count":1,"href":"https:\/\/www.egemtv.com\/index.php?rest_route=\/wp\/v2\/posts\/46107\/revisions"}],"predecessor-version":[{"id":46109,"href":"https:\/\/www.egemtv.com\/index.php?rest_route=\/wp\/v2\/posts\/46107\/revisions\/46109"}],"wp:featuredmedia":[{"embeddable":true,"href":"https:\/\/www.egemtv.com\/index.php?rest_route=\/wp\/v2\/media\/46108"}],"wp:attachment":[{"href":"https:\/\/www.egemtv.com\/index.php?rest_route=%2Fwp%2Fv2%2Fmedia&parent=46107"}],"wp:term":[{"taxonomy":"category","embeddable":true,"href":"https:\/\/www.egemtv.com\/index.php?rest_route=%2Fwp%2Fv2%2Fcategories&post=46107"},{"taxonomy":"post_tag","embeddable":true,"href":"https:\/\/www.egemtv.com\/index.php?rest_route=%2Fwp%2Fv2%2Ftags&post=46107"}],"curies":[{"name":"wp","href":"https:\/\/api.w.org\/{rel}","templated":true}]}}