{"id":46104,"date":"2025-08-01T13:54:42","date_gmt":"2025-08-01T10:54:42","guid":{"rendered":"https:\/\/www.egemtv.com\/?p=46104"},"modified":"2025-08-01T13:54:43","modified_gmt":"2025-08-01T10:54:43","slug":"kolluk-gozetim-komisyonunun-11-toplantisi-aydinda-gerceklestirildi","status":"publish","type":"post","link":"https:\/\/www.egemtv.com\/?p=46104","title":{"rendered":"Kolluk G\u00f6zetim Komisyonu\u2019nun 11. toplant\u0131s\u0131 Ayd\u0131n\u2019da ger\u00e7ekle\u015ftirildi"},"content":{"rendered":"<p>Kolluk G\u00f6zetim Komisyonu, 11. toplant\u0131s\u0131n\u0131 \u0130\u00e7i\u015fleri Bakan Yard\u0131mc\u0131s\u0131 Mehmet Sa\u011flam ba\u015fkanl\u0131\u011f\u0131nda Ayd\u0131n\u2019da yapt\u0131. Toplant\u0131ya kaymakamlar, il\u00e7e belediye ba\u015fkanlar\u0131 ve sivil toplum kurulu\u015fu temsilcileri kat\u0131ld\u0131.<\/p>\n<p>Devlet Su \u0130\u015fleri (DS\u0130) 21. B\u00f6lge M\u00fcd\u00fcrl\u00fc\u011f\u00fc Konferans Salonu\u2019nda ger\u00e7ekle\u015fen toplant\u0131da, Kolluk G\u00f6zetim Komisyonu\u2019nun T\u00fcrkiye genelindeki \u00e7al\u0131\u015fmalar\u0131 ve y\u00fcr\u00fct\u00fclen denetim s\u00fcre\u00e7leri hakk\u0131nda bilgi verildi.<\/p>\n<p>Bakan Yard\u0131mc\u0131s\u0131 Mehmet Sa\u011flam, kolluk kuvvetlerine y\u00f6nelik \u015fikayetler, memnuniyet bildirimleri ve al\u0131nan disiplin kararlar\u0131na ili\u015fkin istatistikleri payla\u015farak, &#8220;Kollu\u011fun en b\u00fcy\u00fck z\u0131rh\u0131 silah\u0131 de\u011fil, hukuki bilgisidir&#8221; dedi.<\/p>\n<p>Merkezi Kay\u0131t Sistemi ile \u015feffaf denetim<br \/>\n<br \/>Kolluk G\u00f6zetim Sistemi\u2019nin en \u00f6nemli yeniliklerinden birinin Merkezi Kay\u0131t Sistemi oldu\u011funu belirten Sa\u011flam, vatanda\u015flar\u0131n \u015fik\u00e2yet ve memnuniyet bildirimlerinin bu sistem \u00fczerinden h\u0131zl\u0131ca ilgili makamlara ula\u015ft\u0131r\u0131ld\u0131\u011f\u0131n\u0131 vurgulad\u0131. Sisteme d\u00fc\u015fen t\u00fcm bildirimlerin analiz edildi\u011fini ve bu kapsamda 14 ilke karar\u0131 al\u0131nd\u0131\u011f\u0131n\u0131 ifade etti.<\/p>\n<p>Sa\u011flam, 6713 say\u0131l\u0131 Kanun\u2019un sadece kurumsal de\u011fil i\u015fleyi\u015f anlam\u0131nda da sistemi d\u00f6n\u00fc\u015ft\u00fcrd\u00fc\u011f\u00fcn\u00fc kaydederek, disiplin s\u00fcre\u00e7lerinin daha \u015feffaf hale geldi\u011fini ve k\u00f6t\u00fc muamele iddialar\u0131nda Cumhuriyet savc\u0131lar\u0131n\u0131n s\u00fcreci bizzat y\u00fcr\u00fctt\u00fc\u011f\u00fcn\u00fc belirtti.<\/p>\n<p>T\u00fcrkiye genelinde 65 bin ba\u015fvuru, Ayd\u0131n\u2019da y\u00fczde 96 sonu\u00e7lanma oran\u0131<br \/>\n<br \/>Verileri payla\u015fan Sa\u011flam, 2024 y\u0131l\u0131nda T\u00fcrkiye genelinde 65 bin 108 kay\u0131t al\u0131nd\u0131\u011f\u0131n\u0131, bunlar\u0131n y\u00fczde 87,2\u2019sinin sonu\u00e7land\u0131\u011f\u0131n\u0131, 2025 y\u0131l\u0131nda 15 Temmuz\u2019a kadar ise 36 bin 309 kay\u0131t al\u0131nd\u0131\u011f\u0131n\u0131 ve bu kay\u0131tlar\u0131n y\u00fczde 44,8\u2019inin sonu\u00e7land\u0131r\u0131ld\u0131\u011f\u0131n\u0131 a\u00e7\u0131klad\u0131.<\/p>\n<p>Ayd\u0131n ili \u00f6zelinde ise 2024 y\u0131l\u0131nda 796 kay\u0131t al\u0131nd\u0131\u011f\u0131n\u0131, bunlardan y\u00fczde 96,3\u2019\u00fcn\u00fcn sonu\u00e7land\u0131\u011f\u0131n\u0131 s\u00f6yledi. 2025 y\u0131l\u0131nda ise 15 Temmuz\u2019a kadar 410 kay\u0131t al\u0131nd\u0131\u011f\u0131n\u0131, bunlar\u0131n y\u00fczde 57,8\u2019inin sonu\u00e7land\u0131\u011f\u0131n\u0131 ifade etti.<\/p>\n<p>Disiplin ve memnuniyet verileri a\u00e7\u0131kland\u0131<br \/>\n<br \/>Ayd\u0131n\u2019da 2024 y\u0131l\u0131nda kolluk personeline y\u00f6nelik 318, 2025 y\u0131l\u0131 i\u00e7inde ise 81 disiplin cezas\u0131 uyguland\u0131\u011f\u0131n\u0131 a\u00e7\u0131klayan Sa\u011flam, ayn\u0131 d\u00f6nemde memnuniyet bildirimlerinin de artt\u0131\u011f\u0131n\u0131 s\u00f6yledi.<\/p>\n<p>2024 y\u0131l\u0131nda 15 olayda 45 kolluk personeli i\u00e7in memnuniyet bildirimi al\u0131n\u0131rken, 2025\u2019te 15 Temmuz\u2019a kadar ki s\u00fcre\u00e7te bu say\u0131 26 memnuniyet bildirimiyle 106 personele ula\u015ft\u0131.<\/p>\n<p>Toplant\u0131da ayr\u0131ca vatanda\u015f memnuniyetinin art\u0131r\u0131lmas\u0131, disiplin s\u00fcre\u00e7lerinin daha h\u0131zl\u0131 y\u00fcr\u00fct\u00fclmesi ve kolluk kuvvetlerinin hukuk \u00e7er\u00e7evesinde g\u00f6rev yapmas\u0131n\u0131n \u00f6nemi vurguland\u0131.<br \/><\/p>\n","protected":false},"excerpt":{"rendered":"<p>Kolluk G\u00f6zetim Komisyonu, 11. toplant\u0131s\u0131n\u0131 \u0130\u00e7i\u015fleri Bakan Yard\u0131mc\u0131s\u0131 Mehmet Sa\u011flam ba\u015fkanl\u0131\u011f\u0131nda Ayd\u0131n\u2019da yapt\u0131. Toplant\u0131ya kaymakamlar, il\u00e7e belediye ba\u015fkanlar\u0131 ve sivil toplum kurulu\u015fu temsilcileri kat\u0131ld\u0131. Devlet Su \u0130\u015fleri (DS\u0130) 21. B\u00f6lge M\u00fcd\u00fcrl\u00fc\u011f\u00fc Konferans Salonu\u2019nda ger\u00e7ekle\u015fen toplant\u0131da, Kolluk G\u00f6zetim Komisyonu\u2019nun T\u00fcrkiye genelindeki \u00e7al\u0131\u015fmalar\u0131 ve y\u00fcr\u00fct\u00fclen denetim s\u00fcre\u00e7leri hakk\u0131nda bilgi verildi. Bakan Yard\u0131mc\u0131s\u0131 Mehmet Sa\u011flam, kolluk kuvvetlerine y\u00f6nelik&#8230;<\/p>\n","protected":false},"author":1,"featured_media":46105,"comment_status":"open","ping_status":"open","sticky":false,"template":"","format":"standard","meta":{"_crdt_document":"","footnotes":""},"categories":[1],"tags":[],"class_list":["post-46104","post","type-post","status-publish","format-standard","has-post-thumbnail","hentry","category-guncel"],"_links":{"self":[{"href":"https:\/\/www.egemtv.com\/index.php?rest_route=\/wp\/v2\/posts\/46104","targetHints":{"allow":["GET"]}}],"collection":[{"href":"https:\/\/www.egemtv.com\/index.php?rest_route=\/wp\/v2\/posts"}],"about":[{"href":"https:\/\/www.egemtv.com\/index.php?rest_route=\/wp\/v2\/types\/post"}],"author":[{"embeddable":true,"href":"https:\/\/www.egemtv.com\/index.php?rest_route=\/wp\/v2\/users\/1"}],"replies":[{"embeddable":true,"href":"https:\/\/www.egemtv.com\/index.php?rest_route=%2Fwp%2Fv2%2Fcomments&post=46104"}],"version-history":[{"count":1,"href":"https:\/\/www.egemtv.com\/index.php?rest_route=\/wp\/v2\/posts\/46104\/revisions"}],"predecessor-version":[{"id":46106,"href":"https:\/\/www.egemtv.com\/index.php?rest_route=\/wp\/v2\/posts\/46104\/revisions\/46106"}],"wp:featuredmedia":[{"embeddable":true,"href":"https:\/\/www.egemtv.com\/index.php?rest_route=\/wp\/v2\/media\/46105"}],"wp:attachment":[{"href":"https:\/\/www.egemtv.com\/index.php?rest_route=%2Fwp%2Fv2%2Fmedia&parent=46104"}],"wp:term":[{"taxonomy":"category","embeddable":true,"href":"https:\/\/www.egemtv.com\/index.php?rest_route=%2Fwp%2Fv2%2Fcategories&post=46104"},{"taxonomy":"post_tag","embeddable":true,"href":"https:\/\/www.egemtv.com\/index.php?rest_route=%2Fwp%2Fv2%2Ftags&post=46104"}],"curies":[{"name":"wp","href":"https:\/\/api.w.org\/{rel}","templated":true}]}}