{"id":46101,"date":"2025-08-01T13:36:05","date_gmt":"2025-08-01T10:36:05","guid":{"rendered":"https:\/\/www.egemtv.com\/?p=46101"},"modified":"2025-08-01T13:36:06","modified_gmt":"2025-08-01T10:36:06","slug":"denizli-tekstil-teknik-merkezi-turkiyeye-hitap-ediyor","status":"publish","type":"post","link":"https:\/\/www.egemtv.com\/?p=46101","title":{"rendered":"Denizli Tekstil Teknik Merkezi, T\u00fcrkiye\u2019ye hitap ediyor"},"content":{"rendered":"<p>Denizli Ticaret Odas\u0131 (DTO), Denizli Organize Sanayi B\u00f6lgesindeki (OSB) Denizli Teknik Tekstil Merkezinde (DTTM) \u0130stanbul, Gaziantep, Malatya, Kahramanmara\u015f ve U\u015fak illerinden gelen akademisyenler ile kimya ve tekstil firmalar\u0131n\u0131n yetkililerini a\u011f\u0131rl\u0131yor. DTO Ba\u015fkan\u0131 U\u011fur Erdo\u011fan ve merkez yetkililerine kendilerine tan\u0131nan imkan i\u00e7in te\u015fekk\u00fcr eden kat\u0131l\u0131mc\u0131lar, teknik ve uygulamal\u0131 e\u011fitimlerin faydal\u0131 olaca\u011f\u0131na belirtildi.<\/p>\n<p>DTTM, 5 \u015fehirden konuklar\u0131n\u0131 a\u011f\u0131rl\u0131yor. Akademisyenler ile firma yetkililerinden olu\u015fan 19 ki\u015filik heyet, DTO\u2019nun 3 g\u00fcn boyunca Tekstilde Teknik Uygulamalar \u00c7al\u0131\u015ftay\u0131na kat\u0131lacak. Heyete liderlik eden \u00d6\u011fretim \u00dcyesi ve \u0130novaktif ARGE Dan\u0131\u015fman\u0131 Prof. Dr. Onur Balc\u0131, \u00fccretsiz e\u011fitim ve uygulama etkinli\u011fi i\u00e7in geldiklerini s\u00f6yledi ve g\u00f6rd\u00fckleri ilgiden dolay\u0131 te\u015fekk\u00fcr etti. Balc\u0131, &#8220;Farkl\u0131 \u015fehirlerden buraya gelen tekstil ve kimya odakl\u0131 firmalar\u0131m\u0131z\u0131n temsilcileriyle bu merkezdeyiz ve altyap\u0131s\u0131ndan, imkanlar\u0131ndan yararlanaca\u011f\u0131z. Malumunuz tekstil sekt\u00f6r\u00fc hem d\u00fcnyada hem de \u00fclkemizde de\u011fi\u015fti\u011fi bir s\u00fcre\u00e7ten ge\u00e7iyor. Bu s\u00fcrecin temelinde de teknik uygulamalar yat\u0131yor. Biz de konvansiyonel tekstil \u00fcreten firmalar\u0131m\u0131z\u0131 bu teknik uygulamalar do\u011frultusunda geli\u015ftirerek katma de\u011ferli \u00fcr\u00fcnlere ula\u015fabilmelerini, ayn\u0131 zamanda da hem birbirleriyle hem de Denizli Teknik Tekstil Merkezi ile ortak proje geli\u015ftirebilmeleri i\u00e7in uygun bir ortam olu\u015fturmak istedik. Bu konuda hem Denizli Ticaret Odas\u0131 Ba\u015fkan\u0131m\u0131z U\u011fur Erdo\u011fan hem de merkezimizin yetkilileri b\u00fct\u00fcn imkanlar\u0131 bize a\u00e7t\u0131, gerekli kolayl\u0131\u011f\u0131 da sa\u011flad\u0131. Bizi burada a\u011f\u0131rlad\u0131klar\u0131 ve uygulamalara destek olduklar\u0131 i\u00e7in Ba\u015fkan\u0131m\u0131z U\u011fur Erdo\u011fan ve merkezimizin yetkililerine te\u015fekk\u00fcr ediyorum. 7 uygulama ile 4 e\u011fitimden olu\u015fan 11 etkinlik yapaca\u011f\u0131z. \u00c7ok verimli ge\u00e7ece\u011fini d\u00fc\u015f\u00fcn\u00fcyoruz. 3 g\u00fcn buraday\u0131z&#8221; dedi.<\/p>\n<p>&#8220;Denizli, T\u00fcrkiye\u2019de tekstil anlam\u0131nda \u00e7ok \u00f6nemli bir \u015fehir&#8221;<br \/>\n<br \/>Do\u011fa Esinli \u0130novasyon ve Problem \u00c7\u00f6z\u00fcm Dan\u0131\u015fman\u0131 Volkan Balc\u0131 da DTTM\u2019nin kap\u0131lar\u0131n\u0131 kendilerine a\u00e7an Denizli Ticaret Odas\u0131 Ba\u015fkan\u0131 U\u011fur Erdo\u011fan\u2019a te\u015fekk\u00fcr etti. Balc\u0131, &#8220;Denizli, T\u00fcrkiye\u2019de tekstil anlam\u0131nda \u00e7ok \u00f6nemli bir \u015fehrimiz. Teknik tekstil alan\u0131nda b\u00f6yle bir merkezin olmas\u0131 da dinamo etkisi olu\u015fturdu. Merkezin alt yap\u0131s\u0131 \u00e7ok g\u00fc\u00e7l\u00fc. Buradan bir\u00e7ok proje \u00e7\u0131kaca\u011f\u0131na inan\u0131yoruz. Ufuk a\u00e7\u0131c\u0131 problemler \u00e7\u00f6zme konusunda da e\u011fitimler verece\u011fiz. Umar\u0131m herkese faydas\u0131 olur&#8221; diye konu\u015ftu.<\/p>\n<p>&#8220;Denizli Ticaret Odas\u0131 Ba\u015fkan\u0131 U\u011fur Erdo\u011fan\u2019a, bizi b\u00f6yle g\u00fczel bir platformda bulu\u015fturdu\u011fu i\u00e7in \u00e7ok te\u015fekk\u00fcr ediyoruz&#8221;<br \/>\n<br \/>Koren Kimya\u2019n\u0131n yetkilisi Zeliha Akg\u00fcl ise \u00fc\u00e7 g\u00fcnl\u00fck e\u011fitim program\u0131na Gaziantep\u2019ten geldi\u011fini s\u00f6yledi. Akg\u00fcl, &#8220;Hem teknik bilginin hem de uygulama yapabilece\u011fimiz geni\u015f donan\u0131ml\u0131 bir alan\u0131n olmas\u0131, bizi \u00f6ne \u00e7\u0131karacakt\u0131r diye d\u00fc\u015f\u00fcn\u00fcyorum. Denizli, tekstilin merkezi ve b\u00f6yle bir teknik merkezinin olmas\u0131 \u00e7ok b\u00fcy\u00fck bir avantaj. Bu avantajdan bizim de Denizli\u2019den \u00e7ok uzaklarda olmam\u0131za ra\u011fmen faydalan\u0131yor olabilmemiz, \u00fclkemiz i\u00e7in \u00e7ok iyi ve art\u0131 bir durumdur. Sekt\u00f6rde hem ARGE olarak hem de end\u00fcstriyel olarak geli\u015ftirece\u011fimiz ni\u015f \u00fcr\u00fcnlerimizi, uygulama f\u0131rsat\u0131 bulaca\u011f\u0131z. Onun i\u00e7in \u00e7ok heyecanl\u0131y\u0131z. Denizli Ticaret Odas\u0131 Ba\u015fkan\u0131 U\u011fur Erdo\u011fan\u2019a, bizi b\u00f6yle g\u00fczel bir platformda bulu\u015fturdu\u011fu i\u00e7in \u00e7ok te\u015fekk\u00fcr ediyoruz&#8221; dedi.<br \/><\/p>\n","protected":false},"excerpt":{"rendered":"<p>Denizli Ticaret Odas\u0131 (DTO), Denizli Organize Sanayi B\u00f6lgesindeki (OSB) Denizli Teknik Tekstil Merkezinde (DTTM) \u0130stanbul, Gaziantep, Malatya, Kahramanmara\u015f ve U\u015fak illerinden gelen akademisyenler ile kimya ve tekstil firmalar\u0131n\u0131n yetkililerini a\u011f\u0131rl\u0131yor. DTO Ba\u015fkan\u0131 U\u011fur Erdo\u011fan ve merkez yetkililerine kendilerine tan\u0131nan imkan i\u00e7in te\u015fekk\u00fcr eden kat\u0131l\u0131mc\u0131lar, teknik ve uygulamal\u0131 e\u011fitimlerin faydal\u0131 olaca\u011f\u0131na belirtildi. DTTM, 5 \u015fehirden konuklar\u0131n\u0131&#8230;<\/p>\n","protected":false},"author":1,"featured_media":46102,"comment_status":"open","ping_status":"open","sticky":false,"template":"","format":"standard","meta":{"_crdt_document":"","footnotes":""},"categories":[125],"tags":[],"class_list":["post-46101","post","type-post","status-publish","format-standard","has-post-thumbnail","hentry","category-ekonomi"],"_links":{"self":[{"href":"https:\/\/www.egemtv.com\/index.php?rest_route=\/wp\/v2\/posts\/46101","targetHints":{"allow":["GET"]}}],"collection":[{"href":"https:\/\/www.egemtv.com\/index.php?rest_route=\/wp\/v2\/posts"}],"about":[{"href":"https:\/\/www.egemtv.com\/index.php?rest_route=\/wp\/v2\/types\/post"}],"author":[{"embeddable":true,"href":"https:\/\/www.egemtv.com\/index.php?rest_route=\/wp\/v2\/users\/1"}],"replies":[{"embeddable":true,"href":"https:\/\/www.egemtv.com\/index.php?rest_route=%2Fwp%2Fv2%2Fcomments&post=46101"}],"version-history":[{"count":1,"href":"https:\/\/www.egemtv.com\/index.php?rest_route=\/wp\/v2\/posts\/46101\/revisions"}],"predecessor-version":[{"id":46103,"href":"https:\/\/www.egemtv.com\/index.php?rest_route=\/wp\/v2\/posts\/46101\/revisions\/46103"}],"wp:featuredmedia":[{"embeddable":true,"href":"https:\/\/www.egemtv.com\/index.php?rest_route=\/wp\/v2\/media\/46102"}],"wp:attachment":[{"href":"https:\/\/www.egemtv.com\/index.php?rest_route=%2Fwp%2Fv2%2Fmedia&parent=46101"}],"wp:term":[{"taxonomy":"category","embeddable":true,"href":"https:\/\/www.egemtv.com\/index.php?rest_route=%2Fwp%2Fv2%2Fcategories&post=46101"},{"taxonomy":"post_tag","embeddable":true,"href":"https:\/\/www.egemtv.com\/index.php?rest_route=%2Fwp%2Fv2%2Ftags&post=46101"}],"curies":[{"name":"wp","href":"https:\/\/api.w.org\/{rel}","templated":true}]}}