{"id":46098,"date":"2025-08-01T13:36:05","date_gmt":"2025-08-01T10:36:05","guid":{"rendered":"https:\/\/www.egemtv.com\/?p=46098"},"modified":"2025-08-01T13:36:05","modified_gmt":"2025-08-01T10:36:05","slug":"denizli-deskinin-ihmali-suruculere-zor-anlar-yasatti","status":"publish","type":"post","link":"https:\/\/www.egemtv.com\/?p=46098","title":{"rendered":"Denizli DESK\u0130\u2019nin ihmali s\u00fcr\u00fcc\u00fclere zor anlar ya\u015fatt\u0131"},"content":{"rendered":"<p>Denizli B\u00fcy\u00fck\u015fehir Belediyesi DESK\u0130 Genel M\u00fcd\u00fcrl\u00fc\u011f\u00fc taraf\u0131ndan yap\u0131lan alt yap\u0131 s\u0131ras\u0131nda, trafi\u011fe kapat\u0131lan b\u00f6lgeye uyar\u0131 levhalar\u0131n\u0131n konu\u015fmamas\u0131 s\u00fcr\u00fcc\u00fclere zor anlar ya\u015fatt\u0131. Ters y\u00f6ne giren bir otomobil, trafikte pani\u011fe neden oldu.<\/p>\n<p>Denizli DESK\u0130 Genel M\u00fcd\u00fcrl\u00fc\u011f\u00fc taraf\u0131ndan Merkezefendi il\u00e7esine ba\u011fl\u0131 S\u00fcmer Mahallesi 3. Sanayi Sitesindeki ana caddede alt yap\u0131 \u00e7al\u0131\u015fmas\u0131 ba\u015flatt\u0131. B\u00f6l\u00fcnm\u00fc\u015f yolun bir y\u00f6n\u00fcn\u00fc trafi\u011fe kapatarak kaz\u0131 \u00e7al\u0131\u015fmas\u0131 yapan DESK\u0130 ekipleri, yolun ba\u015flang\u0131c\u0131 her hangi bir uyar\u0131 tabelas\u0131 ve duba yerle\u015ftirmeyince; baz\u0131 s\u00fcr\u00fcc\u00fcler kar\u015f\u0131 y\u00f6n\u00fcne girmek zorunda kald\u0131. Uyar\u0131 olmay\u0131nca ters y\u00f6ne girerek, yolda arac\u0131n d\u00f6rtl\u00fclerini yakarak g\u00fc\u00e7l\u00fckle ilerlemeye \u00e7al\u0131\u015fan s\u00fcr\u00fcc\u00fc, trafikte pani\u011fe neden oldu.<\/p>\n<p>\u00c7evre esnaflar ve s\u00fcr\u00fcc\u00fclerin tepkisine neden olan durum, yap\u0131lan ihbar\u0131n ard\u0131ndan DESK\u0130 ekiplerinin ertesi g\u00fcn yolu dubalarla kapanmas\u0131 ve trafi\u011fi ba\u015fka bir soka\u011fa y\u00f6nlendirmesiyle son buldu. Trafikte s\u00fcr\u00fcc\u00fclere zor anlar ya\u015fatan ters y\u00f6n kullan\u0131m\u0131 s\u0131ras\u0131nda her hangi bir kazan\u0131n ya\u015fanmamas\u0131 teselli oldu.<br \/><\/p>\n","protected":false},"excerpt":{"rendered":"<p>Denizli B\u00fcy\u00fck\u015fehir Belediyesi DESK\u0130 Genel M\u00fcd\u00fcrl\u00fc\u011f\u00fc taraf\u0131ndan yap\u0131lan alt yap\u0131 s\u0131ras\u0131nda, trafi\u011fe kapat\u0131lan b\u00f6lgeye uyar\u0131 levhalar\u0131n\u0131n konu\u015fmamas\u0131 s\u00fcr\u00fcc\u00fclere zor anlar ya\u015fatt\u0131. Ters y\u00f6ne giren bir otomobil, trafikte pani\u011fe neden oldu. Denizli DESK\u0130 Genel M\u00fcd\u00fcrl\u00fc\u011f\u00fc taraf\u0131ndan Merkezefendi il\u00e7esine ba\u011fl\u0131 S\u00fcmer Mahallesi 3. Sanayi Sitesindeki ana caddede alt yap\u0131 \u00e7al\u0131\u015fmas\u0131 ba\u015flatt\u0131. B\u00f6l\u00fcnm\u00fc\u015f yolun bir y\u00f6n\u00fcn\u00fc trafi\u011fe kapatarak&#8230;<\/p>\n","protected":false},"author":1,"featured_media":46099,"comment_status":"open","ping_status":"open","sticky":false,"template":"","format":"standard","meta":{"_crdt_document":"","footnotes":""},"categories":[5],"tags":[],"class_list":["post-46098","post","type-post","status-publish","format-standard","has-post-thumbnail","hentry","category-asayis"],"_links":{"self":[{"href":"https:\/\/www.egemtv.com\/index.php?rest_route=\/wp\/v2\/posts\/46098","targetHints":{"allow":["GET"]}}],"collection":[{"href":"https:\/\/www.egemtv.com\/index.php?rest_route=\/wp\/v2\/posts"}],"about":[{"href":"https:\/\/www.egemtv.com\/index.php?rest_route=\/wp\/v2\/types\/post"}],"author":[{"embeddable":true,"href":"https:\/\/www.egemtv.com\/index.php?rest_route=\/wp\/v2\/users\/1"}],"replies":[{"embeddable":true,"href":"https:\/\/www.egemtv.com\/index.php?rest_route=%2Fwp%2Fv2%2Fcomments&post=46098"}],"version-history":[{"count":1,"href":"https:\/\/www.egemtv.com\/index.php?rest_route=\/wp\/v2\/posts\/46098\/revisions"}],"predecessor-version":[{"id":46100,"href":"https:\/\/www.egemtv.com\/index.php?rest_route=\/wp\/v2\/posts\/46098\/revisions\/46100"}],"wp:featuredmedia":[{"embeddable":true,"href":"https:\/\/www.egemtv.com\/index.php?rest_route=\/wp\/v2\/media\/46099"}],"wp:attachment":[{"href":"https:\/\/www.egemtv.com\/index.php?rest_route=%2Fwp%2Fv2%2Fmedia&parent=46098"}],"wp:term":[{"taxonomy":"category","embeddable":true,"href":"https:\/\/www.egemtv.com\/index.php?rest_route=%2Fwp%2Fv2%2Fcategories&post=46098"},{"taxonomy":"post_tag","embeddable":true,"href":"https:\/\/www.egemtv.com\/index.php?rest_route=%2Fwp%2Fv2%2Ftags&post=46098"}],"curies":[{"name":"wp","href":"https:\/\/api.w.org\/{rel}","templated":true}]}}