{"id":46095,"date":"2025-08-01T13:36:04","date_gmt":"2025-08-01T10:36:04","guid":{"rendered":"https:\/\/www.egemtv.com\/?p=46095"},"modified":"2025-08-01T13:36:05","modified_gmt":"2025-08-01T10:36:05","slug":"denizli-aydin-kavsaginda-2-kilometrelik-arac-kuyrugu-olustu","status":"publish","type":"post","link":"https:\/\/www.egemtv.com\/?p=46095","title":{"rendered":"Denizli-Ayd\u0131n kav\u015fa\u011f\u0131nda 2 kilometrelik ara\u00e7 kuyru\u011fu olu\u015ftu"},"content":{"rendered":"<p>Mu\u011fla\u2019n\u0131n Marmaris, Dat\u00e7a ve Fethiye gibi g\u00f6zde turizm merkezlerinde tatil yapan vatanda\u015flar\u0131n d\u00f6n\u00fc\u015fe ge\u00e7mesiyle birlikte, trafikte yo\u011funluk da artt\u0131.<\/p>\n<p>Mu\u011fla\u2019n\u0131n Mente\u015fe il\u00e7esi giri\u015findeki Denizli-Ayd\u0131n kav\u015fa\u011f\u0131nda uzun ara\u00e7 kuyruklar\u0131 olu\u015ftu. Mu\u011fla\u2019dan Ayd\u0131n ve Denizli y\u00f6n\u00fcne \u00e7\u0131k\u0131\u015f sa\u011flayan \u00f6nemli noktalardan biri olan kav\u015fakta zaman zaman trafik durma noktas\u0131na gelirken, yakla\u015f\u0131k 2 kilometrelik ara\u00e7 kuyru\u011fu olu\u015ftu. D\u00f6n\u00fc\u015f yoluna ge\u00e7en tatilciler, kav\u015fakta ilerlemekte g\u00fc\u00e7l\u00fck \u00e7ekti. Trafik ekipleri, kav\u015fakta ara\u00e7 ak\u0131\u015f\u0131n\u0131 sa\u011flamak i\u00e7in yo\u011fun \u00e7aba harcarken, s\u00fcr\u00fcc\u00fcler s\u0131cak havada uzun s\u00fcre ara\u00e7lar\u0131nda beklemek zorunda kald\u0131. Baz\u0131 s\u00fcr\u00fcc\u00fcler ise g\u00fczerg\u00e2h de\u011fi\u015ftirerek alternatif yollara y\u00f6neldi.<br \/><\/p>\n","protected":false},"excerpt":{"rendered":"<p>Mu\u011fla\u2019n\u0131n Marmaris, Dat\u00e7a ve Fethiye gibi g\u00f6zde turizm merkezlerinde tatil yapan vatanda\u015flar\u0131n d\u00f6n\u00fc\u015fe ge\u00e7mesiyle birlikte, trafikte yo\u011funluk da artt\u0131. Mu\u011fla\u2019n\u0131n Mente\u015fe il\u00e7esi giri\u015findeki Denizli-Ayd\u0131n kav\u015fa\u011f\u0131nda uzun ara\u00e7 kuyruklar\u0131 olu\u015ftu. Mu\u011fla\u2019dan Ayd\u0131n ve Denizli y\u00f6n\u00fcne \u00e7\u0131k\u0131\u015f sa\u011flayan \u00f6nemli noktalardan biri olan kav\u015fakta zaman zaman trafik durma noktas\u0131na gelirken, yakla\u015f\u0131k 2 kilometrelik ara\u00e7 kuyru\u011fu olu\u015ftu. D\u00f6n\u00fc\u015f yoluna&#8230;<\/p>\n","protected":false},"author":1,"featured_media":46096,"comment_status":"open","ping_status":"open","sticky":false,"template":"","format":"standard","meta":{"_crdt_document":"","footnotes":""},"categories":[1],"tags":[],"class_list":["post-46095","post","type-post","status-publish","format-standard","has-post-thumbnail","hentry","category-guncel"],"_links":{"self":[{"href":"https:\/\/www.egemtv.com\/index.php?rest_route=\/wp\/v2\/posts\/46095","targetHints":{"allow":["GET"]}}],"collection":[{"href":"https:\/\/www.egemtv.com\/index.php?rest_route=\/wp\/v2\/posts"}],"about":[{"href":"https:\/\/www.egemtv.com\/index.php?rest_route=\/wp\/v2\/types\/post"}],"author":[{"embeddable":true,"href":"https:\/\/www.egemtv.com\/index.php?rest_route=\/wp\/v2\/users\/1"}],"replies":[{"embeddable":true,"href":"https:\/\/www.egemtv.com\/index.php?rest_route=%2Fwp%2Fv2%2Fcomments&post=46095"}],"version-history":[{"count":1,"href":"https:\/\/www.egemtv.com\/index.php?rest_route=\/wp\/v2\/posts\/46095\/revisions"}],"predecessor-version":[{"id":46097,"href":"https:\/\/www.egemtv.com\/index.php?rest_route=\/wp\/v2\/posts\/46095\/revisions\/46097"}],"wp:featuredmedia":[{"embeddable":true,"href":"https:\/\/www.egemtv.com\/index.php?rest_route=\/wp\/v2\/media\/46096"}],"wp:attachment":[{"href":"https:\/\/www.egemtv.com\/index.php?rest_route=%2Fwp%2Fv2%2Fmedia&parent=46095"}],"wp:term":[{"taxonomy":"category","embeddable":true,"href":"https:\/\/www.egemtv.com\/index.php?rest_route=%2Fwp%2Fv2%2Fcategories&post=46095"},{"taxonomy":"post_tag","embeddable":true,"href":"https:\/\/www.egemtv.com\/index.php?rest_route=%2Fwp%2Fv2%2Ftags&post=46095"}],"curies":[{"name":"wp","href":"https:\/\/api.w.org\/{rel}","templated":true}]}}