{"id":46092,"date":"2025-08-01T13:15:40","date_gmt":"2025-08-01T10:15:40","guid":{"rendered":"https:\/\/www.egemtv.com\/?p=46092"},"modified":"2025-08-01T13:15:41","modified_gmt":"2025-08-01T10:15:41","slug":"sisme-kanoda-yakalandilar","status":"publish","type":"post","link":"https:\/\/www.egemtv.com\/?p=46092","title":{"rendered":"\u015ei\u015fme kanoda yakaland\u0131lar"},"content":{"rendered":"<p>Mu\u011fla\u2019n\u0131n Bodrum il\u00e7esi a\u00e7\u0131klar\u0131nda \u015fi\u015fme kanoda 3 d\u00fczensiz g\u00f6\u00e7men yakaland\u0131.<\/p>\n<p>\u00d6nceki g\u00fcn sabaha kar\u015f\u0131 Bodrum a\u00e7\u0131klar\u0131nda Sahil G\u00fcvenlik \u0130nsans\u0131z Hava Arac\u0131 taraf\u0131ndan \u015fi\u015fme kanoda bir grup d\u00fczensiz g\u00f6\u00e7men tespit edildi. G\u00f6revlendirilen Sahil G\u00fcvenlik Botu (KB-71) taraf\u0131ndan hareketli \u015fi\u015fme kano durdurularak 3 d\u00fczensiz g\u00f6\u00e7men yakaland\u0131. Limana getirilen g\u00f6\u00e7menler, i\u015flemlerinin ard\u0131ndan Mu\u011fla \u0130l G\u00f6\u00e7 \u0130daresi M\u00fcd\u00fcrl\u00fc\u011f\u00fc\u2019ne g\u00f6nderildi.<br \/><\/p>\n","protected":false},"excerpt":{"rendered":"<p>Mu\u011fla\u2019n\u0131n Bodrum il\u00e7esi a\u00e7\u0131klar\u0131nda \u015fi\u015fme kanoda 3 d\u00fczensiz g\u00f6\u00e7men yakaland\u0131. \u00d6nceki g\u00fcn sabaha kar\u015f\u0131 Bodrum a\u00e7\u0131klar\u0131nda Sahil G\u00fcvenlik \u0130nsans\u0131z Hava Arac\u0131 taraf\u0131ndan \u015fi\u015fme kanoda bir grup d\u00fczensiz g\u00f6\u00e7men tespit edildi. G\u00f6revlendirilen Sahil G\u00fcvenlik Botu (KB-71) taraf\u0131ndan hareketli \u015fi\u015fme kano durdurularak 3 d\u00fczensiz g\u00f6\u00e7men yakaland\u0131. Limana getirilen g\u00f6\u00e7menler, i\u015flemlerinin ard\u0131ndan Mu\u011fla \u0130l G\u00f6\u00e7 \u0130daresi M\u00fcd\u00fcrl\u00fc\u011f\u00fc\u2019ne g\u00f6nderildi.<\/p>\n","protected":false},"author":1,"featured_media":46093,"comment_status":"open","ping_status":"open","sticky":false,"template":"","format":"standard","meta":{"_crdt_document":"","footnotes":""},"categories":[5],"tags":[],"class_list":["post-46092","post","type-post","status-publish","format-standard","has-post-thumbnail","hentry","category-asayis"],"_links":{"self":[{"href":"https:\/\/www.egemtv.com\/index.php?rest_route=\/wp\/v2\/posts\/46092","targetHints":{"allow":["GET"]}}],"collection":[{"href":"https:\/\/www.egemtv.com\/index.php?rest_route=\/wp\/v2\/posts"}],"about":[{"href":"https:\/\/www.egemtv.com\/index.php?rest_route=\/wp\/v2\/types\/post"}],"author":[{"embeddable":true,"href":"https:\/\/www.egemtv.com\/index.php?rest_route=\/wp\/v2\/users\/1"}],"replies":[{"embeddable":true,"href":"https:\/\/www.egemtv.com\/index.php?rest_route=%2Fwp%2Fv2%2Fcomments&post=46092"}],"version-history":[{"count":1,"href":"https:\/\/www.egemtv.com\/index.php?rest_route=\/wp\/v2\/posts\/46092\/revisions"}],"predecessor-version":[{"id":46094,"href":"https:\/\/www.egemtv.com\/index.php?rest_route=\/wp\/v2\/posts\/46092\/revisions\/46094"}],"wp:featuredmedia":[{"embeddable":true,"href":"https:\/\/www.egemtv.com\/index.php?rest_route=\/wp\/v2\/media\/46093"}],"wp:attachment":[{"href":"https:\/\/www.egemtv.com\/index.php?rest_route=%2Fwp%2Fv2%2Fmedia&parent=46092"}],"wp:term":[{"taxonomy":"category","embeddable":true,"href":"https:\/\/www.egemtv.com\/index.php?rest_route=%2Fwp%2Fv2%2Fcategories&post=46092"},{"taxonomy":"post_tag","embeddable":true,"href":"https:\/\/www.egemtv.com\/index.php?rest_route=%2Fwp%2Fv2%2Ftags&post=46092"}],"curies":[{"name":"wp","href":"https:\/\/api.w.org\/{rel}","templated":true}]}}