{"id":46089,"date":"2025-08-01T13:15:40","date_gmt":"2025-08-01T10:15:40","guid":{"rendered":"https:\/\/www.egemtv.com\/?p=46089"},"modified":"2025-08-01T13:15:40","modified_gmt":"2025-08-01T10:15:40","slug":"fethiyeden-dort-sehre-umut","status":"publish","type":"post","link":"https:\/\/www.egemtv.com\/?p=46089","title":{"rendered":"Fethiye\u2019den d\u00f6rt \u015fehre umut"},"content":{"rendered":"<p>Mu\u011fla\u2019n\u0131n Fethiye il\u00e7esinde beyin \u00f6l\u00fcm\u00fc ger\u00e7ekle\u015fen bir hastan\u0131n ba\u011f\u0131\u015flanan organlar\u0131 d\u00f6rt farkl\u0131 \u015fehirdeki hastalara umut oldu.<\/p>\n<p>Fethiye\u2019de \u00d6zel Lokman Hekim Esnaf Hastanesi\u2019nde yo\u011fun bak\u0131m \u00fcnitesinde tedavi g\u00f6ren bir hastan\u0131n, t\u00fcm t\u0131bbi m\u00fcdahalelere ra\u011fmen beyin \u00f6l\u00fcm\u00fc ger\u00e7ekle\u015fti. Ya\u015fanan bu \u00fcz\u00fcc\u00fc geli\u015fmenin ard\u0131ndan, hasta yak\u0131nlar\u0131n\u0131n onay\u0131yla organ ba\u011f\u0131\u015f\u0131 s\u00fcreci ba\u015flat\u0131ld\u0131.<\/p>\n<p>Organ Nakli Koordinasyon Birimi\u2019nin \u00f6zverili \u00e7al\u0131\u015fmas\u0131 ve h\u0131zl\u0131 organizasyonuyla, gece saatlerinde Denizli, Ayd\u0131n, Antalya ve \u0130zmir\u2019den gelen uzman ekipler hastaneye ula\u015ft\u0131. Ger\u00e7ekle\u015ftirilen ba\u015far\u0131l\u0131 operasyonla hastan\u0131n kalbi, karaci\u011feri, ince ba\u011f\u0131rsa\u011f\u0131 ve iki b\u00f6bre\u011fi, farkl\u0131 \u015fehirlerde organ bekleyen hastalara ula\u015ft\u0131r\u0131lmak \u00fczere teslim al\u0131nd\u0131.<\/p>\n<p>Bu anlaml\u0131 ba\u011f\u0131\u015f sayesinde d\u00f6rt ayr\u0131 \u015fehirde ya\u015fam m\u00fccadelesi veren hastalara umut do\u011fdu. Nakledilen organlar, bekleme listesinde yer alan hastalara hayati bir \u015fans sundu.<br \/><\/p>\n","protected":false},"excerpt":{"rendered":"<p>Mu\u011fla\u2019n\u0131n Fethiye il\u00e7esinde beyin \u00f6l\u00fcm\u00fc ger\u00e7ekle\u015fen bir hastan\u0131n ba\u011f\u0131\u015flanan organlar\u0131 d\u00f6rt farkl\u0131 \u015fehirdeki hastalara umut oldu. Fethiye\u2019de \u00d6zel Lokman Hekim Esnaf Hastanesi\u2019nde yo\u011fun bak\u0131m \u00fcnitesinde tedavi g\u00f6ren bir hastan\u0131n, t\u00fcm t\u0131bbi m\u00fcdahalelere ra\u011fmen beyin \u00f6l\u00fcm\u00fc ger\u00e7ekle\u015fti. Ya\u015fanan bu \u00fcz\u00fcc\u00fc geli\u015fmenin ard\u0131ndan, hasta yak\u0131nlar\u0131n\u0131n onay\u0131yla organ ba\u011f\u0131\u015f\u0131 s\u00fcreci ba\u015flat\u0131ld\u0131. Organ Nakli Koordinasyon Birimi\u2019nin \u00f6zverili \u00e7al\u0131\u015fmas\u0131 ve&#8230;<\/p>\n","protected":false},"author":1,"featured_media":46090,"comment_status":"open","ping_status":"open","sticky":false,"template":"","format":"standard","meta":{"_crdt_document":"","footnotes":""},"categories":[2],"tags":[],"class_list":["post-46089","post","type-post","status-publish","format-standard","has-post-thumbnail","hentry","category-saglik"],"_links":{"self":[{"href":"https:\/\/www.egemtv.com\/index.php?rest_route=\/wp\/v2\/posts\/46089","targetHints":{"allow":["GET"]}}],"collection":[{"href":"https:\/\/www.egemtv.com\/index.php?rest_route=\/wp\/v2\/posts"}],"about":[{"href":"https:\/\/www.egemtv.com\/index.php?rest_route=\/wp\/v2\/types\/post"}],"author":[{"embeddable":true,"href":"https:\/\/www.egemtv.com\/index.php?rest_route=\/wp\/v2\/users\/1"}],"replies":[{"embeddable":true,"href":"https:\/\/www.egemtv.com\/index.php?rest_route=%2Fwp%2Fv2%2Fcomments&post=46089"}],"version-history":[{"count":1,"href":"https:\/\/www.egemtv.com\/index.php?rest_route=\/wp\/v2\/posts\/46089\/revisions"}],"predecessor-version":[{"id":46091,"href":"https:\/\/www.egemtv.com\/index.php?rest_route=\/wp\/v2\/posts\/46089\/revisions\/46091"}],"wp:featuredmedia":[{"embeddable":true,"href":"https:\/\/www.egemtv.com\/index.php?rest_route=\/wp\/v2\/media\/46090"}],"wp:attachment":[{"href":"https:\/\/www.egemtv.com\/index.php?rest_route=%2Fwp%2Fv2%2Fmedia&parent=46089"}],"wp:term":[{"taxonomy":"category","embeddable":true,"href":"https:\/\/www.egemtv.com\/index.php?rest_route=%2Fwp%2Fv2%2Fcategories&post=46089"},{"taxonomy":"post_tag","embeddable":true,"href":"https:\/\/www.egemtv.com\/index.php?rest_route=%2Fwp%2Fv2%2Ftags&post=46089"}],"curies":[{"name":"wp","href":"https:\/\/api.w.org\/{rel}","templated":true}]}}