{"id":46085,"date":"2025-08-01T12:57:52","date_gmt":"2025-08-01T09:57:52","guid":{"rendered":"https:\/\/www.egemtv.com\/?p=46085"},"modified":"2025-08-01T12:57:53","modified_gmt":"2025-08-01T09:57:53","slug":"gelecek-partisi-izmir-il-baskani-yasar-beyazgul-itibar-suikastine-ugradim","status":"publish","type":"post","link":"https:\/\/www.egemtv.com\/?p=46085","title":{"rendered":"Gelecek Partisi \u0130zmir \u0130l Ba\u015fkan\u0131 Ya\u015far Beyazg\u00fcl &#8220;itibar suikastine u\u011frad\u0131m&#8221;"},"content":{"rendered":"\n<p class=\"wp-block-paragraph\">Gelecek Partisi \u0130zmir \u0130l Ba\u015fkan\u0131 Ya\u015far Beyazg\u00fcl yay\u0131nlad\u0131\u011f\u0131 duyuru ile hakk\u0131ndaki iddialara a\u00e7\u0131kl\u0131k getirdi. Gelecek Partisi \u0130zmir \u0130l Ba\u015fkan\u0131 Ya\u015far Beyazg\u00fcl yay\u0131nlad\u0131\u011f\u0131 duyuruda \u015fu ifadelere yer verdi:<\/p>\n\n\n\n<figure class=\"wp-block-image size-large\"><img data-dominant-color=\"c2bdb1\" data-has-transparency=\"false\" style=\"--dominant-color: #c2bdb1;\" fetchpriority=\"high\" decoding=\"async\" width=\"419\" height=\"600\" src=\"https:\/\/www.egemtv.com\/wp-content\/uploads\/2025\/08\/dc10f89d-610c-42ab-acaf-613c173e5136-419x600.jpeg\" alt=\"\" class=\"wp-image-46086 not-transparent\" srcset=\"https:\/\/www.egemtv.com\/wp-content\/uploads\/2025\/08\/dc10f89d-610c-42ab-acaf-613c173e5136-419x600.jpeg 419w, https:\/\/www.egemtv.com\/wp-content\/uploads\/2025\/08\/dc10f89d-610c-42ab-acaf-613c173e5136-210x300.jpeg 210w, https:\/\/www.egemtv.com\/wp-content\/uploads\/2025\/08\/dc10f89d-610c-42ab-acaf-613c173e5136-768x1099.jpeg 768w, https:\/\/www.egemtv.com\/wp-content\/uploads\/2025\/08\/dc10f89d-610c-42ab-acaf-613c173e5136.jpeg 935w\" sizes=\"(max-width: 419px) 100vw, 419px\" \/><\/figure>\n","protected":false},"excerpt":{"rendered":"<p>Gelecek Partisi \u0130zmir \u0130l Ba\u015fkan\u0131 Ya\u015far Beyazg\u00fcl yay\u0131nlad\u0131\u011f\u0131 duyuru ile hakk\u0131ndaki iddialara a\u00e7\u0131kl\u0131k getirdi. Gelecek Partisi \u0130zmir \u0130l Ba\u015fkan\u0131 Ya\u015far Beyazg\u00fcl yay\u0131nlad\u0131\u011f\u0131 duyuruda \u015fu ifadelere yer verdi:<\/p>\n","protected":false},"author":1,"featured_media":46087,"comment_status":"open","ping_status":"open","sticky":false,"template":"","format":"standard","meta":{"_crdt_document":"","footnotes":""},"categories":[1322,1,123],"tags":[],"class_list":["post-46085","post","type-post","status-publish","format-standard","has-post-thumbnail","hentry","category-3-sayfa","category-guncel","category-gundem"],"_links":{"self":[{"href":"https:\/\/www.egemtv.com\/index.php?rest_route=\/wp\/v2\/posts\/46085","targetHints":{"allow":["GET"]}}],"collection":[{"href":"https:\/\/www.egemtv.com\/index.php?rest_route=\/wp\/v2\/posts"}],"about":[{"href":"https:\/\/www.egemtv.com\/index.php?rest_route=\/wp\/v2\/types\/post"}],"author":[{"embeddable":true,"href":"https:\/\/www.egemtv.com\/index.php?rest_route=\/wp\/v2\/users\/1"}],"replies":[{"embeddable":true,"href":"https:\/\/www.egemtv.com\/index.php?rest_route=%2Fwp%2Fv2%2Fcomments&post=46085"}],"version-history":[{"count":1,"href":"https:\/\/www.egemtv.com\/index.php?rest_route=\/wp\/v2\/posts\/46085\/revisions"}],"predecessor-version":[{"id":46088,"href":"https:\/\/www.egemtv.com\/index.php?rest_route=\/wp\/v2\/posts\/46085\/revisions\/46088"}],"wp:featuredmedia":[{"embeddable":true,"href":"https:\/\/www.egemtv.com\/index.php?rest_route=\/wp\/v2\/media\/46087"}],"wp:attachment":[{"href":"https:\/\/www.egemtv.com\/index.php?rest_route=%2Fwp%2Fv2%2Fmedia&parent=46085"}],"wp:term":[{"taxonomy":"category","embeddable":true,"href":"https:\/\/www.egemtv.com\/index.php?rest_route=%2Fwp%2Fv2%2Fcategories&post=46085"},{"taxonomy":"post_tag","embeddable":true,"href":"https:\/\/www.egemtv.com\/index.php?rest_route=%2Fwp%2Fv2%2Ftags&post=46085"}],"curies":[{"name":"wp","href":"https:\/\/api.w.org\/{rel}","templated":true}]}}