{"id":46081,"date":"2025-08-01T12:55:00","date_gmt":"2025-08-01T09:55:00","guid":{"rendered":"https:\/\/www.egemtv.com\/?p=46081"},"modified":"2025-08-01T12:55:00","modified_gmt":"2025-08-01T09:55:00","slug":"bodrumda-yuzer-deniz-suyu-aritma-platformu-tanitildi","status":"publish","type":"post","link":"https:\/\/www.egemtv.com\/?p=46081","title":{"rendered":"Bodrum\u2019da \u2019Y\u00fczer Deniz Suyu Ar\u0131tma Platformu\u2019 tan\u0131t\u0131ld\u0131"},"content":{"rendered":"<p>Bodrum Belediyesi \u0130klim De\u011fi\u015fikli\u011fi ve S\u0131f\u0131r At\u0131k M\u00fcd\u00fcrl\u00fc\u011f\u00fc taraf\u0131ndan hayata ge\u00e7irilen \u2019Yenilik\u00e7i Y\u00fczer Deniz Suyu Ar\u0131tma Platformu\u2019 kamuoyuna tan\u0131t\u0131ld\u0131.<\/p>\n<p>Mu\u011fla\u2019n\u0131n Bodrum il\u00e7esinde \u2019Denizden Hayata, Bodrum\u2019a Temiz Su\u2019 ba\u015fl\u0131\u011f\u0131yla duyurulan ve yenilenebilir enerji kullanarak denizden g\u00fcnde 20 metrek\u00fcp kullanma suyu \u00fcreten platform, 31 Temmuz Per\u015fembe g\u00fcn\u00fc Bitez Liman\u0131\u2019nda belediye taraf\u0131ndan d\u00fczenlenen programla tan\u0131t\u0131ld\u0131. Tan\u0131t\u0131m program\u0131na Bodrum Belediye Ba\u015fkan\u0131 Tamer Mandalinci, Milas Belediye Ba\u015fkan\u0131 Fevzi Topuz, Mu\u011fla B\u00fcy\u00fck\u015fehir Belediyesi \u0130l\u00e7e Hizmetleri 1. B\u00f6lge Dairesi Ba\u015fkan Vekili Kadriye Erkal Y\u0131ld\u0131r\u0131m, Cumhuriyet Halk Partisi Bodrum \u0130l\u00e7e Ba\u015fkan\u0131 Tuna I\u015f\u0131n, Bodrum Belediyesi ba\u015fkan yard\u0131mc\u0131lar\u0131, birim m\u00fcd\u00fcrleri ve meclis \u00fcyeleri, Bodrum Belediyesi G\u0131da A\u015e Genel M\u00fcd\u00fcr\u00fc \u0130brahim Akba\u015f, Bitez mahalle muhtar\u0131, Blue Hybrid Solutions Enerji A\u015e yetkilileri ile T\u00dcR\u00c7EV yetkilileri, bas\u0131n mensuplar\u0131 ve \u00e7ok say\u0131da vatanda\u015f kat\u0131ld\u0131.<\/p>\n<p>T\u00fcrkiye\u2019de ve d\u00fcnyada ilk<br \/>\n<br \/>\u00c7al\u0131\u015fmalar\u0131nda Bodrum ekosistemini \u00f6n planda tuttuklar\u0131n\u0131 belirten Bodrum Belediyesi \u0130klim De\u011fi\u015fikli\u011fi ve S\u0131f\u0131r At\u0131k M\u00fcd\u00fcr\u00fc Ezgi Acer \u00c7etinkaya, yapt\u0131\u011f\u0131 konu\u015fmas\u0131nda \u015funlar\u0131 s\u00f6yledi:<br \/>\n<br \/>&#8220;Platformumuz yaln\u0131zca teknik bir \u00e7\u00f6z\u00fcm de\u011fil, ayn\u0131 zamanda do\u011fayla uyumlu teknolojilerin m\u00fcmk\u00fcn oldu\u011funu g\u00f6steren somut bir \u00f6rnektir. Bodrum Belediye Ba\u015fkan\u0131\u2019m\u0131z Tamer Mandalinci\u2019nin \u00f6nc\u00fcl\u00fc\u011f\u00fcnde ve kararl\u0131l\u0131\u011f\u0131nda Bodrum\u2019u sadece bug\u00fcn de\u011fil, yar\u0131n\u0131n da ya\u015fam alan\u0131 olarak korumak i\u00e7in \u00e7al\u0131\u015fmaya devam edece\u011fiz&#8221;<\/p>\n<p>&#8220;Sorunun de\u011fil, \u00e7\u00f6z\u00fcm\u00fcn bir par\u00e7as\u0131 oluyoruz&#8221;<br \/>\n<br \/>&#8220;Bug\u00fcn bir teknolojiyi de\u011fil, bir vizyonu, yar\u0131n\u0131n tasar\u0131m\u0131n\u0131 ve mod\u00fcler sistemin gelecekte birle\u015ferek nas\u0131l daha g\u00fczel bir hamle olu\u015fturaca\u011f\u0131n\u0131n ilk \u00f6rne\u011fini kar\u015f\u0131lamak i\u00e7in buraday\u0131z&#8221; diyerek konu\u015fmas\u0131na ba\u015flayan Bodrum Belediye Ba\u015fkan\u0131 Tamer Mandalinci, s\u00f6zlerine \u015f\u00f6yle devam etti:<br \/>\n<br \/>&#8220;\u0130klim de\u011fi\u015fikli\u011fi art\u0131k t\u00fcm d\u00fcnyan\u0131n genel sorunu. Kurakl\u0131k, s\u0131cakl\u0131k, nemli hava, b\u00f6lgemizde yanan ormanlar ve tabii ki suya eri\u015fimi g\u00fcnden g\u00fcne azalan insanlar\u0131m\u0131z ve bu problemin \u00e7\u00f6z\u00fcm\u00fcnde yer alan yerel y\u00f6netimler. Sorunun de\u011fil, \u00e7\u00f6z\u00fcm\u00fcn bir par\u00e7as\u0131 olmak i\u00e7in hem Bodrum Belediyesi hem Mu\u011fla B\u00fcy\u00fck\u015fehir Belediyesi \u00f6zverili \u00e7al\u0131\u015fmalar\u0131na devam ediyor. Bizler de vatanda\u015f\u0131m\u0131z\u0131n ya\u015fam\u0131\u015f oldu\u011fu su s\u0131k\u0131nt\u0131s\u0131na yerelden \u00e7\u00f6z\u00fcm \u00fcretebilmek ad\u0131na bu sistemin hayata ge\u00e7irilmesini uygun g\u00f6rd\u00fck. 25 g\u00fcnd\u00fcr \u00e7al\u0131\u015fan sistemimizin her b\u00f6l\u00fcmden alm\u0131\u015f oldu\u011fumuz numuneler \u015fu anda sistemin son derece g\u00fczel, son derece verimli ve do\u011faya zarar vermeden \u00e7al\u0131\u015ft\u0131\u011f\u0131n\u0131 g\u00f6steriyor. Sistemin, tam ba\u011f\u0131ms\u0131z bir \u015fekilde tamamen yenilebilir enerji kaynaklar\u0131yla yani g\u00fcne\u015f panelleri ve r\u00fczgar enerjisiyle \u00e7al\u0131\u015ft\u0131\u011f\u0131n\u0131 belirtmek isterim&#8221;<\/p>\n<p>&#8220;Yar\u0131n\u0131n Bodrum\u2019unu, yar\u0131n\u0131n T\u00fcrkiye\u2019sini in\u015fa etmek hepimizin g\u00f6revi&#8221;<br \/>\n<br \/>Blue Hybrid Solutions ekibine, Bodrum Belediyesi \u0130klim De\u011fi\u015fikli\u011fi ve S\u0131f\u0131r At\u0131k M\u00fcd\u00fcrl\u00fc\u011f\u00fc personellerine \u00e7al\u0131\u015fmalar\u0131ndan dolay\u0131 te\u015fekk\u00fcr eden Ba\u015fkan Mandalinci, &#8220;Yar\u0131n\u0131n Bodrum\u2019unu, yar\u0131n\u0131n T\u00fcrkiye\u2019sini in\u015fa etmek hepimizin g\u00f6revi. \u00c7evresel sorunlara b\u00fcy\u00fck bir duyarl\u0131l\u0131kla yakla\u015fmak hepimizin temel sorumlulu\u011fu. Bu vizyonla, bu inovasyonla, bu AR-GE \u00e7al\u0131\u015fmas\u0131yla yar\u0131nlar\u0131m\u0131z\u0131 sizlerle hep beraber in\u015fa edece\u011fiz. Bu platform yar\u0131nlar\u0131m\u0131z\u0131n su ihtiyac\u0131na en iyi \u015fekilde cevap verecek ve bizlerin temiz suya olan ihtiyac\u0131n\u0131 denizden yenilenebilir enerjiyle kar\u015f\u0131lamas\u0131na imkan sa\u011flayacak&#8221; dedi.<\/p>\n<p>Ba\u015fkan Mandalinci, \u00f6n\u00fcm\u00fczdeki g\u00fcnlerde \u00c7evre, \u015eehircilik ve \u0130klim De\u011fi\u015fikli\u011fi Bakanl\u0131\u011f\u0131 temsilcilerinin numuneler alacaklar\u0131n\u0131; sistemin resmi olarak su \u00fcretimine ba\u015flamas\u0131 ve \u00fcretilen suyun kullan\u0131ma sunulmas\u0131 i\u00e7in onay al\u0131naca\u011f\u0131n\u0131 belirterek konu\u015fmas\u0131n\u0131 tamamlad\u0131.<\/p>\n<p>Konu\u015fmalar\u0131n ard\u0131ndan kat\u0131l\u0131mc\u0131lar ve bas\u0131n mensuplar\u0131 y\u00fczer platformu yak\u0131ndan inceleme f\u0131rsat\u0131 buldu.<\/p>\n<p>S\u00fcrd\u00fcr\u00fclebilir su y\u00f6netiminde yenilik\u00e7i bir ad\u0131m<br \/>\n<br \/>Bitez Liman\u0131 \u00f6nlerinde yerle\u015ftirilen \u00e7evre dostu y\u00fczer platform, deniz suyunu ar\u0131tarak g\u00fcnl\u00fck 20 ton temiz kullanma suyu \u00fcretiyor. Platformun enerji ihtiyac\u0131 tamamen g\u00fcne\u015f panelleri ve 2 r\u00fczgar t\u00fcrbiniyle kar\u015f\u0131lan\u0131yor. Ar\u0131t\u0131lan su, g\u0131da ta\u015f\u0131maya uygun bir hortumla karada bulunan 20 tonluk depoya aktar\u0131l\u0131yor. Burada depolanan su, park ve ref\u00fcj sulamalar\u0131nda, acil durumlarda ve gerekti\u011finde vatanda\u015flar\u0131n kullan\u0131m\u0131na sunulacak. S\u00fcrd\u00fcrebilir su y\u00f6netiminde yenilik\u00e7i bir ad\u0131m olan bu projeyle kullanma suyu \u00fcretiminin yan\u0131 s\u0131ra y\u0131ll\u0131k yakla\u015f\u0131k 500 ton karbon emisyonu azalt\u0131m\u0131 ile 7 bin ton su tasarrufu sa\u011flanacak. Vatanda\u015flar\u0131n suya e\u015fit ve kesintisiz eri\u015fimini sa\u011flamak amac\u0131yla de\u011fi\u015fen \u015fartlara uyumlu ve yenilik\u00e7i projeler hayata ge\u00e7iren Bodrum Belediyesi, ger\u00e7ekle\u015ftirdi\u011fi bu yat\u0131r\u0131mla yaln\u0131zca yerelde de\u011fil, ulusal \u00f6l\u00e7ekte de yenilenebilir enerji ve su y\u00f6netimi uygulamalar\u0131na \u00f6rnek te\u015fkil edecek.<br \/><\/p>\n","protected":false},"excerpt":{"rendered":"<p>Bodrum Belediyesi \u0130klim De\u011fi\u015fikli\u011fi ve S\u0131f\u0131r At\u0131k M\u00fcd\u00fcrl\u00fc\u011f\u00fc taraf\u0131ndan hayata ge\u00e7irilen \u2019Yenilik\u00e7i Y\u00fczer Deniz Suyu Ar\u0131tma Platformu\u2019 kamuoyuna tan\u0131t\u0131ld\u0131. Mu\u011fla\u2019n\u0131n Bodrum il\u00e7esinde \u2019Denizden Hayata, Bodrum\u2019a Temiz Su\u2019 ba\u015fl\u0131\u011f\u0131yla duyurulan ve yenilenebilir enerji kullanarak denizden g\u00fcnde 20 metrek\u00fcp kullanma suyu \u00fcreten platform, 31 Temmuz Per\u015fembe g\u00fcn\u00fc Bitez Liman\u0131\u2019nda belediye taraf\u0131ndan d\u00fczenlenen programla tan\u0131t\u0131ld\u0131. Tan\u0131t\u0131m program\u0131na Bodrum&#8230;<\/p>\n","protected":false},"author":1,"featured_media":46082,"comment_status":"open","ping_status":"open","sticky":false,"template":"","format":"standard","meta":{"_crdt_document":"","footnotes":""},"categories":[1],"tags":[],"class_list":["post-46081","post","type-post","status-publish","format-standard","has-post-thumbnail","hentry","category-guncel"],"_links":{"self":[{"href":"https:\/\/www.egemtv.com\/index.php?rest_route=\/wp\/v2\/posts\/46081","targetHints":{"allow":["GET"]}}],"collection":[{"href":"https:\/\/www.egemtv.com\/index.php?rest_route=\/wp\/v2\/posts"}],"about":[{"href":"https:\/\/www.egemtv.com\/index.php?rest_route=\/wp\/v2\/types\/post"}],"author":[{"embeddable":true,"href":"https:\/\/www.egemtv.com\/index.php?rest_route=\/wp\/v2\/users\/1"}],"replies":[{"embeddable":true,"href":"https:\/\/www.egemtv.com\/index.php?rest_route=%2Fwp%2Fv2%2Fcomments&post=46081"}],"version-history":[{"count":1,"href":"https:\/\/www.egemtv.com\/index.php?rest_route=\/wp\/v2\/posts\/46081\/revisions"}],"predecessor-version":[{"id":46083,"href":"https:\/\/www.egemtv.com\/index.php?rest_route=\/wp\/v2\/posts\/46081\/revisions\/46083"}],"wp:featuredmedia":[{"embeddable":true,"href":"https:\/\/www.egemtv.com\/index.php?rest_route=\/wp\/v2\/media\/46082"}],"wp:attachment":[{"href":"https:\/\/www.egemtv.com\/index.php?rest_route=%2Fwp%2Fv2%2Fmedia&parent=46081"}],"wp:term":[{"taxonomy":"category","embeddable":true,"href":"https:\/\/www.egemtv.com\/index.php?rest_route=%2Fwp%2Fv2%2Fcategories&post=46081"},{"taxonomy":"post_tag","embeddable":true,"href":"https:\/\/www.egemtv.com\/index.php?rest_route=%2Fwp%2Fv2%2Ftags&post=46081"}],"curies":[{"name":"wp","href":"https:\/\/api.w.org\/{rel}","templated":true}]}}