{"id":46075,"date":"2025-08-01T12:54:59","date_gmt":"2025-08-01T09:54:59","guid":{"rendered":"https:\/\/www.egemtv.com\/?p=46075"},"modified":"2025-08-01T12:54:59","modified_gmt":"2025-08-01T09:54:59","slug":"denizli-osb-baskani-baltali-700-konut-insa-edecegiz","status":"publish","type":"post","link":"https:\/\/www.egemtv.com\/?p=46075","title":{"rendered":"Denizli OSB Ba\u015fkan\u0131 Baltal\u0131; &#8220;700 konut in\u015fa edece\u011fiz&#8221;"},"content":{"rendered":"<p>Denizli Organize Sanayi B\u00f6lgesi (OSB) Y\u00f6netimi, Pamukkale \u00dcniversitesi (PA\u00dc) Rekt\u00f6r\u00fc Prof. Dr. Mahmud G\u00fcng\u00f6r, Honaz Belediye Ba\u015fkan\u0131 Y\u00fcksel Kepenek ve beraberindeki teknik heyeti a\u011f\u0131rlad\u0131. Ger\u00e7ekle\u015ftirilen ziyarette \u00fcniversite-sanayi i\u015f birli\u011finin geli\u015ftirilmesi ve bu alanda yap\u0131labilecek \u00e7al\u0131\u015fmalar ele al\u0131nd\u0131.<\/p>\n<p>Toplant\u0131n\u0131n bir di\u011fer g\u00fcndem maddesi ise; Denizli OSB \u00f6nc\u00fcl\u00fc\u011f\u00fcnde hayata ge\u00e7irilecek olan Toplu Konut Projesi oldu. Honaz Belediye Ba\u015fkan\u0131 Y\u00fcksel Kepenek ve ekibiyle yap\u0131lan isti\u015farede, b\u00f6lgede \u00e7al\u0131\u015fan sanayiciler ve i\u015f\u00e7ilerin konut ihtiyac\u0131na y\u00f6nelik \u00e7\u00f6z\u00fcm yollar\u0131 de\u011ferlendirildi.<\/p>\n<p>Denizli OSB Y\u00f6netim Kurulu Ba\u015fkan\u0131 Derya Baltal\u0131, projeyle 1+1 ve 2+1 olmak \u00fczere toplam 700 konut kazand\u0131rmay\u0131 hedeflediklerini belirterek, &#8220;Sanayi yaln\u0131zca \u00fcretim de\u011fil, ayn\u0131 zamanda g\u00fc\u00e7l\u00fc bir ya\u015fam alan\u0131 ve s\u00fcrd\u00fcr\u00fclebilir kalk\u0131nma demektir.  Hayata ge\u00e7irece\u011fimiz projede sosyal donat\u0131lar, ye\u015fil alanlar ve \u00e7evreci yap\u0131la\u015fma \u00f6n planda olacak&#8221; dedi.<\/p>\n<p>Honaz Belediye Ba\u015fkan\u0131 Y\u00fcksel Kepenek ise projeyi b\u00f6lge i\u00e7in \u00f6nemli bir kazan\u0131m olarak de\u011ferlendirdi ve yerel y\u00f6netim olarak s\u00fcrece her t\u00fcrl\u00fc deste\u011fi vermeye haz\u0131r olduklar\u0131n\u0131 vurgulad\u0131.<br \/><\/p>\n","protected":false},"excerpt":{"rendered":"<p>Denizli Organize Sanayi B\u00f6lgesi (OSB) Y\u00f6netimi, Pamukkale \u00dcniversitesi (PA\u00dc) Rekt\u00f6r\u00fc Prof. Dr. Mahmud G\u00fcng\u00f6r, Honaz Belediye Ba\u015fkan\u0131 Y\u00fcksel Kepenek ve beraberindeki teknik heyeti a\u011f\u0131rlad\u0131. Ger\u00e7ekle\u015ftirilen ziyarette \u00fcniversite-sanayi i\u015f birli\u011finin geli\u015ftirilmesi ve bu alanda yap\u0131labilecek \u00e7al\u0131\u015fmalar ele al\u0131nd\u0131. Toplant\u0131n\u0131n bir di\u011fer g\u00fcndem maddesi ise; Denizli OSB \u00f6nc\u00fcl\u00fc\u011f\u00fcnde hayata ge\u00e7irilecek olan Toplu Konut Projesi oldu. Honaz Belediye&#8230;<\/p>\n","protected":false},"author":1,"featured_media":46076,"comment_status":"open","ping_status":"open","sticky":false,"template":"","format":"standard","meta":{"_crdt_document":"","footnotes":""},"categories":[125],"tags":[],"class_list":["post-46075","post","type-post","status-publish","format-standard","has-post-thumbnail","hentry","category-ekonomi"],"_links":{"self":[{"href":"https:\/\/www.egemtv.com\/index.php?rest_route=\/wp\/v2\/posts\/46075","targetHints":{"allow":["GET"]}}],"collection":[{"href":"https:\/\/www.egemtv.com\/index.php?rest_route=\/wp\/v2\/posts"}],"about":[{"href":"https:\/\/www.egemtv.com\/index.php?rest_route=\/wp\/v2\/types\/post"}],"author":[{"embeddable":true,"href":"https:\/\/www.egemtv.com\/index.php?rest_route=\/wp\/v2\/users\/1"}],"replies":[{"embeddable":true,"href":"https:\/\/www.egemtv.com\/index.php?rest_route=%2Fwp%2Fv2%2Fcomments&post=46075"}],"version-history":[{"count":1,"href":"https:\/\/www.egemtv.com\/index.php?rest_route=\/wp\/v2\/posts\/46075\/revisions"}],"predecessor-version":[{"id":46077,"href":"https:\/\/www.egemtv.com\/index.php?rest_route=\/wp\/v2\/posts\/46075\/revisions\/46077"}],"wp:featuredmedia":[{"embeddable":true,"href":"https:\/\/www.egemtv.com\/index.php?rest_route=\/wp\/v2\/media\/46076"}],"wp:attachment":[{"href":"https:\/\/www.egemtv.com\/index.php?rest_route=%2Fwp%2Fv2%2Fmedia&parent=46075"}],"wp:term":[{"taxonomy":"category","embeddable":true,"href":"https:\/\/www.egemtv.com\/index.php?rest_route=%2Fwp%2Fv2%2Fcategories&post=46075"},{"taxonomy":"post_tag","embeddable":true,"href":"https:\/\/www.egemtv.com\/index.php?rest_route=%2Fwp%2Fv2%2Ftags&post=46075"}],"curies":[{"name":"wp","href":"https:\/\/api.w.org\/{rel}","templated":true}]}}