{"id":46072,"date":"2025-08-01T12:54:58","date_gmt":"2025-08-01T09:54:58","guid":{"rendered":"https:\/\/www.egemtv.com\/?p=46072"},"modified":"2025-08-01T12:54:59","modified_gmt":"2025-08-01T09:54:59","slug":"didimde-yanginlara-karsi-ornek-dayanisma","status":"publish","type":"post","link":"https:\/\/www.egemtv.com\/?p=46072","title":{"rendered":"Didim\u2019de yang\u0131nlara kar\u015f\u0131 \u00f6rnek dayan\u0131\u015fma"},"content":{"rendered":"<p>Ayd\u0131n\u2019\u0131n Didim il\u00e7esinde yaz aylar\u0131nda artan an\u0131z ve ot yang\u0131nlar\u0131na kar\u015f\u0131 Didim Belediyesi \u00f6nc\u00fcl\u00fc\u011f\u00fcnde bir araya gelen do\u011faseverler, \u00e7evre temizli\u011fi ve ot bi\u00e7imi yaparak fark\u0131ndal\u0131k olu\u015fturdu.<\/p>\n<p>Ayd\u0131n\u2019\u0131n Didim il\u00e7esinde yaz aylar\u0131nda artan an\u0131z ve ot yang\u0131nlar\u0131na kar\u015f\u0131 \u00f6nemli bir ad\u0131m at\u0131ld\u0131. Didim Belediyesi\u2019nin \u00f6nc\u00fcl\u00fc\u011f\u00fcnde \u00c7aml\u0131k Mahallesi\u2019nde d\u00fczenlenen \u00e7evre temizlik ve ot bi\u00e7me etkinli\u011fi, yang\u0131n riskine kar\u015f\u0131 fark\u0131ndal\u0131k olu\u015fturmak amac\u0131yla ger\u00e7ekle\u015ftirildi. Belediye Ba\u015fkan\u0131 Hatice Gen\u00e7ay\u2019\u0131n da kat\u0131l\u0131m sa\u011flad\u0131\u011f\u0131 etkinlikte, mahalle sakinleri, sivil toplum kurulu\u015flar\u0131 ve do\u011fasever g\u00f6n\u00fcll\u00fcler bir araya geldi. Kat\u0131l\u0131mc\u0131lar bo\u015f alanlardaki kuru otlar\u0131 temizleyerek hem \u00e7evreyi g\u00fczelle\u015ftirdi hem de yang\u0131n riskini azaltmaya y\u00f6nelik \u00f6nemli bir \u00e7al\u0131\u015fmaya imza att\u0131.<\/p>\n<p>&#8220;Bu sadece temizlik de\u011fil, yang\u0131nlara kar\u015f\u0131 bir \u00f6nlem&#8221;<br \/>\n<br \/>Etkinlik sonras\u0131nda Didim Belediyesi\u2019nden yap\u0131lan a\u00e7\u0131klamada &#8220;\u00c7aml\u0131k Mahallesi\u2019nde ger\u00e7ekle\u015ftirdi\u011fimiz temizlik ve ot bi\u00e7me etkinli\u011fi, do\u011faseverlerin yo\u011fun ilgisiyle \u00e7evreye duyarl\u0131 \u00f6rnek bir bulu\u015fmaya d\u00f6n\u00fc\u015ft\u00fc. An\u0131z ve ot yang\u0131nlar\u0131na kar\u015f\u0131 fark\u0131ndal\u0131k olu\u015fturmak, \u00e7evremizi korumak ve daha ya\u015fanabilir bir Didim i\u00e7in ba\u015flatt\u0131\u011f\u0131m\u0131z bu \u00e7evre hareketi h\u0131z kesmeden s\u00fcr\u00fcyor. Bu anlaml\u0131 \u00e7al\u0131\u015fmada da her zaman oldu\u011fu gibi Belediye Ba\u015fkan\u0131m\u0131z Hatice Gen\u00e7ay bizlerle birlikteydi. Etkinli\u011fimize destek veren Mahalle Muhtarl\u0131\u011f\u0131\u2019na, duyarl\u0131l\u0131k g\u00f6steren sivil toplum kurulu\u015flar\u0131na, derneklerimize ve kat\u0131l\u0131m sa\u011flayan t\u00fcm halk\u0131m\u0131za te\u015fekk\u00fcr ederiz. G\u00f6sterdi\u011fimiz bu g\u00fc\u00e7l\u00fc birliktelik, Didim\u2019in gelece\u011fine umut oldu. Bu etkinlik sadece bir temizlik \u00e7al\u0131\u015fmas\u0131 de\u011fil, do\u011faya olan sevgimizin, sorumluluk bilincimizin ve birlikte ba\u015farma irademizin g\u00fc\u00e7l\u00fc bir g\u00f6stergesidir. Yang\u0131nlara kar\u015f\u0131 \u00f6nlem almak, do\u011fam\u0131za sahip \u00e7\u0131kmak ve daha temiz bir \u00e7evre i\u00e7in seni de bir sonraki bulu\u015fmam\u0131za davet ediyor, g\u00fcnl\u00fck hayat\u0131m\u0131zda da ayn\u0131 hassasiyet i\u00e7in desteklerini bekliyoruz&#8221; ifadeleri yer ald\u0131.<br \/><\/p>\n","protected":false},"excerpt":{"rendered":"<p>Ayd\u0131n\u2019\u0131n Didim il\u00e7esinde yaz aylar\u0131nda artan an\u0131z ve ot yang\u0131nlar\u0131na kar\u015f\u0131 Didim Belediyesi \u00f6nc\u00fcl\u00fc\u011f\u00fcnde bir araya gelen do\u011faseverler, \u00e7evre temizli\u011fi ve ot bi\u00e7imi yaparak fark\u0131ndal\u0131k olu\u015fturdu. Ayd\u0131n\u2019\u0131n Didim il\u00e7esinde yaz aylar\u0131nda artan an\u0131z ve ot yang\u0131nlar\u0131na kar\u015f\u0131 \u00f6nemli bir ad\u0131m at\u0131ld\u0131. Didim Belediyesi\u2019nin \u00f6nc\u00fcl\u00fc\u011f\u00fcnde \u00c7aml\u0131k Mahallesi\u2019nde d\u00fczenlenen \u00e7evre temizlik ve ot bi\u00e7me etkinli\u011fi, yang\u0131n riskine&#8230;<\/p>\n","protected":false},"author":1,"featured_media":46073,"comment_status":"open","ping_status":"open","sticky":false,"template":"","format":"standard","meta":{"_crdt_document":"","footnotes":""},"categories":[1],"tags":[],"class_list":["post-46072","post","type-post","status-publish","format-standard","has-post-thumbnail","hentry","category-guncel"],"_links":{"self":[{"href":"https:\/\/www.egemtv.com\/index.php?rest_route=\/wp\/v2\/posts\/46072","targetHints":{"allow":["GET"]}}],"collection":[{"href":"https:\/\/www.egemtv.com\/index.php?rest_route=\/wp\/v2\/posts"}],"about":[{"href":"https:\/\/www.egemtv.com\/index.php?rest_route=\/wp\/v2\/types\/post"}],"author":[{"embeddable":true,"href":"https:\/\/www.egemtv.com\/index.php?rest_route=\/wp\/v2\/users\/1"}],"replies":[{"embeddable":true,"href":"https:\/\/www.egemtv.com\/index.php?rest_route=%2Fwp%2Fv2%2Fcomments&post=46072"}],"version-history":[{"count":1,"href":"https:\/\/www.egemtv.com\/index.php?rest_route=\/wp\/v2\/posts\/46072\/revisions"}],"predecessor-version":[{"id":46074,"href":"https:\/\/www.egemtv.com\/index.php?rest_route=\/wp\/v2\/posts\/46072\/revisions\/46074"}],"wp:featuredmedia":[{"embeddable":true,"href":"https:\/\/www.egemtv.com\/index.php?rest_route=\/wp\/v2\/media\/46073"}],"wp:attachment":[{"href":"https:\/\/www.egemtv.com\/index.php?rest_route=%2Fwp%2Fv2%2Fmedia&parent=46072"}],"wp:term":[{"taxonomy":"category","embeddable":true,"href":"https:\/\/www.egemtv.com\/index.php?rest_route=%2Fwp%2Fv2%2Fcategories&post=46072"},{"taxonomy":"post_tag","embeddable":true,"href":"https:\/\/www.egemtv.com\/index.php?rest_route=%2Fwp%2Fv2%2Ftags&post=46072"}],"curies":[{"name":"wp","href":"https:\/\/api.w.org\/{rel}","templated":true}]}}