{"id":46069,"date":"2025-08-01T12:54:57","date_gmt":"2025-08-01T09:54:57","guid":{"rendered":"https:\/\/www.egemtv.com\/?p=46069"},"modified":"2025-08-01T12:54:58","modified_gmt":"2025-08-01T09:54:58","slug":"ramazan-kursunlu-vazgecmek-yok-geri-adim-yok","status":"publish","type":"post","link":"https:\/\/www.egemtv.com\/?p=46069","title":{"rendered":"Ramazan Kur\u015funlu: &#8220;Vazge\u00e7mek yok, geri ad\u0131m yok&#8221;"},"content":{"rendered":"<p>Altay Teknik Direkt\u00f6r\u00fc Ramazan Kur\u015funlu, Altay\u2019a yak\u0131\u015f\u0131r bir tak\u0131m \u00e7\u0131karmak i\u00e7in gece g\u00fcnd\u00fcz \u00e7al\u0131\u015ft\u0131klar\u0131n\u0131 ifade ederek \u00e7\u0131kt\u0131klar\u0131 bu yoldan vazge\u00e7meyeceklerini ve geri ad\u0131m atmayacaklar\u0131n\u0131 belirtti.<br \/>\n<br \/>TFF 3. Lig 4. Grup ekiplerinden Altay, yeni sezon haz\u0131rl\u0131klar\u0131n\u0131 Gaziemir Vali Kutlu Akta\u015f Tesisleri\u2019nde s\u00fcrd\u00fcrmeye devam ediyor. Siyah-beyazl\u0131larda Teknik Direkt\u00f6r Ramazan Kur\u015funlu kamp d\u00f6nemini ve tak\u0131mdaki hedeflerini anlatan a\u00e7\u0131klamalarda bulundu. 44 ya\u015f\u0131ndaki \u00e7al\u0131\u015ft\u0131r\u0131c\u0131, 2025-2026 sezonu haz\u0131rl\u0131klar\u0131n\u0131n ilk etap kamp s\u00fcrecinin tamamland\u0131\u011f\u0131n\u0131 ifade etti. Bu d\u00f6nemde hem fiziksel y\u00fcklemeler hem de tak\u0131m b\u00fct\u00fcnl\u00fc\u011f\u00fc a\u00e7\u0131s\u0131ndan \u00f6nemli kazan\u0131mlar sa\u011flad\u0131klar\u0131n\u0131 dile getiren Kur\u015funlu, &#8220;Oyuncular\u0131m\u0131z\u0131n s\u0131n\u0131rlar\u0131n\u0131 zorlad\u0131\u011f\u0131, birlikte m\u00fccadele etmeyi yeniden tan\u0131mlad\u0131\u011f\u0131m\u0131z bir s\u00fcre\u00e7 ya\u015fad\u0131k. Dayan\u0131kl\u0131l\u0131k ve kuvvete dayal\u0131 antrenmanlar\u0131m\u0131z, bireysel geli\u015fimi destekleyen \u00f6zel programlarla birlikte y\u00fcr\u00fct\u00fcld\u00fc. Bununla birlikte sahada oyun disiplinine, tak\u0131m savunmas\u0131na ve h\u00fccum organizasyonlar\u0131m\u0131za odaklanarak, sezonun temellerini att\u0131k&#8221; \u015feklinde konu\u015ftu.<\/p>\n<p>&#8220;\u00d6n\u00fcm\u00fczde Afyon kamp\u0131 var&#8221;<br \/>\n<br \/>Tak\u0131m\u0131n\u0131n yaln\u0131zca fizik olarak de\u011fil, zihinsel olarak da sezona haz\u0131rland\u0131\u011f\u0131n\u0131 vurgulayan Altay Teknik Direkt\u00f6r\u00fc Ramazan Kur\u015funlu, &#8220;\u0130lk etapta ortaya koydu\u011fumuz istek, birlikte oynama arzusu ve rekabet\u00e7i duru\u015f, do\u011fru yolda oldu\u011fumuzun en a\u00e7\u0131k g\u00f6stergesi. Ayr\u0131ca belirtmek isterim ki, Altay\u2019\u0131n esas g\u00fcc\u00fc kendi evlatlar\u0131d\u0131r. \u00d6zellikle bu d\u00f6nemde Altay\u2019\u0131n gelece\u011fini kendi i\u00e7inden gelen de\u011ferlerle in\u015fa etmeyi sadece bir zorunluluk olarak de\u011fil bir vizyon olarak g\u00f6r\u00fcyoruz. Bu anlay\u0131\u015fla sezon ba\u015f\u0131 altyap\u0131dan A tak\u0131ma gelen ge\u00e7lerimize sadece forma de\u011fil sorumluluk da veriyoruz. Gen\u00e7 yeteneklerimizin bu ilk kamptaki performans\u0131, uyumlar\u0131, istekleri bizleri heyecanland\u0131r\u0131yor. Tecr\u00fcbeli ve \u2018Abi\u2019 pozisyonunda olan oyuncular\u0131m\u0131z\u0131n da bu vizyona uygun bir \u015fekilde gen\u00e7 oyuncular\u0131m\u0131z\u0131n geli\u015fimine katk\u0131 koyduklar\u0131n\u0131 \u00e7al\u0131\u015fmalar\u0131m\u0131zda g\u00f6rd\u00fck. \u015eimdi \u00f6n\u00fcm\u00fczde, 2 A\u011fustos\u2019ta ba\u015flayacak olan 10 g\u00fcnl\u00fck Afyon kamp\u0131 var. Bu s\u00fcre\u00e7te eksiklerimizi giderecek, detaylar\u0131 netle\u015ftirecek ve haz\u0131rl\u0131k ma\u00e7lar\u0131yla birlikte oyun karakterimizi sahaya yans\u0131taca\u011f\u0131z&#8221; dedi.<\/p>\n<p>&#8220;Gece g\u00fcnd\u00fcz \u00e7al\u0131\u015f\u0131yoruz&#8221;<br \/>\n<br \/>Tak\u0131m\u0131n oynayaca\u011f\u0131 oyunla ilgili hedeflerini a\u00e7\u0131klayan Kur\u015funlu, &#8220;Ma\u00e7 temposunu y\u00fckseltmek, oyun sistemimizi oturtmak ve sezona haz\u0131r, diren\u00e7li, sava\u015fmaya haz\u0131r bir Altay olarak \u00e7\u0131kmak. Altay formas\u0131n\u0131 ta\u015f\u0131yan her oyuncunun omuzlar\u0131nda bu b\u00fcy\u00fck camian\u0131n sorumlulu\u011fu vard\u0131r. Biz bu bilin\u00e7le, Altay\u2019\u0131n tarihine ve taraftar\u0131na yak\u0131\u015f\u0131r bir tak\u0131m olu\u015fturmak i\u00e7in gece g\u00fcnd\u00fcz \u00e7al\u0131\u015f\u0131yoruz. Vazge\u00e7mek yok, geri ad\u0131m yok. Hedefimiz net, yolumuz uzun, enerjimiz y\u00fcksek&#8221; diyerek s\u00f6zlerini noktalad\u0131.<br \/><\/p>\n","protected":false},"excerpt":{"rendered":"<p>Altay Teknik Direkt\u00f6r\u00fc Ramazan Kur\u015funlu, Altay\u2019a yak\u0131\u015f\u0131r bir tak\u0131m \u00e7\u0131karmak i\u00e7in gece g\u00fcnd\u00fcz \u00e7al\u0131\u015ft\u0131klar\u0131n\u0131 ifade ederek \u00e7\u0131kt\u0131klar\u0131 bu yoldan vazge\u00e7meyeceklerini ve geri ad\u0131m atmayacaklar\u0131n\u0131 belirtti. TFF 3. Lig 4. Grup ekiplerinden Altay, yeni sezon haz\u0131rl\u0131klar\u0131n\u0131 Gaziemir Vali Kutlu Akta\u015f Tesisleri\u2019nde s\u00fcrd\u00fcrmeye devam ediyor. Siyah-beyazl\u0131larda Teknik Direkt\u00f6r Ramazan Kur\u015funlu kamp d\u00f6nemini ve tak\u0131mdaki hedeflerini anlatan a\u00e7\u0131klamalarda&#8230;<\/p>\n","protected":false},"author":1,"featured_media":46070,"comment_status":"open","ping_status":"open","sticky":false,"template":"","format":"standard","meta":{"_crdt_document":"","footnotes":""},"categories":[4],"tags":[],"class_list":["post-46069","post","type-post","status-publish","format-standard","has-post-thumbnail","hentry","category-spor"],"_links":{"self":[{"href":"https:\/\/www.egemtv.com\/index.php?rest_route=\/wp\/v2\/posts\/46069","targetHints":{"allow":["GET"]}}],"collection":[{"href":"https:\/\/www.egemtv.com\/index.php?rest_route=\/wp\/v2\/posts"}],"about":[{"href":"https:\/\/www.egemtv.com\/index.php?rest_route=\/wp\/v2\/types\/post"}],"author":[{"embeddable":true,"href":"https:\/\/www.egemtv.com\/index.php?rest_route=\/wp\/v2\/users\/1"}],"replies":[{"embeddable":true,"href":"https:\/\/www.egemtv.com\/index.php?rest_route=%2Fwp%2Fv2%2Fcomments&post=46069"}],"version-history":[{"count":1,"href":"https:\/\/www.egemtv.com\/index.php?rest_route=\/wp\/v2\/posts\/46069\/revisions"}],"predecessor-version":[{"id":46071,"href":"https:\/\/www.egemtv.com\/index.php?rest_route=\/wp\/v2\/posts\/46069\/revisions\/46071"}],"wp:featuredmedia":[{"embeddable":true,"href":"https:\/\/www.egemtv.com\/index.php?rest_route=\/wp\/v2\/media\/46070"}],"wp:attachment":[{"href":"https:\/\/www.egemtv.com\/index.php?rest_route=%2Fwp%2Fv2%2Fmedia&parent=46069"}],"wp:term":[{"taxonomy":"category","embeddable":true,"href":"https:\/\/www.egemtv.com\/index.php?rest_route=%2Fwp%2Fv2%2Fcategories&post=46069"},{"taxonomy":"post_tag","embeddable":true,"href":"https:\/\/www.egemtv.com\/index.php?rest_route=%2Fwp%2Fv2%2Ftags&post=46069"}],"curies":[{"name":"wp","href":"https:\/\/api.w.org\/{rel}","templated":true}]}}