{"id":46063,"date":"2025-08-01T12:34:42","date_gmt":"2025-08-01T09:34:42","guid":{"rendered":"https:\/\/www.egemtv.com\/?p=46063"},"modified":"2025-08-01T12:34:43","modified_gmt":"2025-08-01T09:34:43","slug":"simavda-kurana-ilk-adim-programi-duzenlendi","status":"publish","type":"post","link":"https:\/\/www.egemtv.com\/?p=46063","title":{"rendered":"Simav\u2019da &#8220;Kur\u2019an\u2019a \u0130lk Ad\u0131m&#8221; program\u0131 d\u00fczenlendi"},"content":{"rendered":"<p>K\u00fctahya\u2019n\u0131n Simav \u0130l\u00e7e M\u00fcft\u00fcl\u00fc\u011f\u00fcnce Atat\u00fcrk \u0130lkokulunda a\u00e7\u0131lan Yaz Kur\u2019an Kursunda, Kur\u2019an-\u0131 Kerim okumaya ge\u00e7en 60 \u00f6\u011frenci i\u00e7in &#8220;Kur\u2019an\u2019a \u0130lk Ad\u0131m&#8221; program\u0131 ger\u00e7ekle\u015ftirildi.<br \/>\n<br \/>Okul Koordinat\u00f6r\u00fc Manevi Dan\u0131\u015fman Emin D\u00f6nmez \u00f6nc\u00fcl\u00fc\u011f\u00fcnde; \u0130smail \u0130nan, S\u00fcleyman \u00c7imen, Mehmet Takak, Mehmet Duman, Mehmet \u00c7akmak, Hakan Takak, Ufuk Demirkan, Mustafa Ersoy, Mustafa Asa, Esma Kalay, Ay\u015fe \u0130zbudak, \u0130lennur Ate\u015f, K\u00fcbra Oruk, Rahime Yakut ve Bahar Asa\u2019n\u0131n katk\u0131lar\u0131yla haz\u0131rlanan programa, \u0130l\u00e7e M\u00fcft\u00fcs\u00fc Hasan Ser\u00e7e de kat\u0131ld\u0131. Ser\u00e7e, Kur\u2019an-\u0131 Kerim okumaya ge\u00e7en \u00f6\u011frencileri tebrik ederek belgelerini takdim etti ve kendilerine Kur\u2019an-\u0131 Kerim hediye etti.<br \/>\n<br \/>Program \u00f6ncesinde okul bah\u00e7esinde &#8220;Kur\u2019an Okuyoruz&#8221; platformu ve Kur\u2019an masas\u0131 kuruldu. Manevi Dan\u0131\u015fman Emin D\u00f6nmez, burada yapt\u0131\u011f\u0131 konu\u015fmada, yaz kursuna 313 \u00f6\u011frencinin kay\u0131t yapt\u0131rd\u0131\u011f\u0131n\u0131 belirterek, &#8220;162 \u00f6\u011frencimiz Kur\u2019an okuyor, 60 \u00f6\u011frencimiz bug\u00fcn itibariyle Kur\u2019an\u2019a ge\u00e7ti. 91 \u00f6\u011frencimiz de Kur\u2019an\u2019a ge\u00e7mek \u00fczere. Ayr\u0131ca Kur\u2019an okuyan \u00f6\u011frencilerimizden Ezber S\u0131n\u0131flar\u0131 olu\u015fturuldu ve Yasin, Tebareke gibi sureler ezberletilmeye ba\u015fland\u0131&#8221; dedi.<br \/>\n<br \/>\u00d6\u011frencileri ve hocalar\u0131 tebrik eden \u0130l\u00e7e M\u00fcft\u00fcs\u00fc Hasan Ser\u00e7e ise, &#8220;Sizlere Kur\u2019an hediye ediyoruz. Ama evde bir k\u00f6\u015fede unutulmu\u015f bir kitap olarak kalmas\u0131n. Ailece bir Kur\u2019an saati belirleyelim, Kur\u2019an-\u0131 Kerim\u2019i ve mealini okuyal\u0131m. B\u00f6ylelikle Kur\u2019an\u2019\u0131n bereketinden istifade etmi\u015f olal\u0131m&#8221; ifadelerini kulland\u0131.<br \/>\n<br \/>Kur\u2019an tilaveti, \u015fiirler, ilahiler ve pasta kesimiyle devam eden programda, hay\u0131rseverlerin katk\u0131lar\u0131yla kat\u0131l\u0131mc\u0131lara etli pilav ve ayran ikram edildi. Program, \u0130l\u00e7e M\u00fcft\u00fcs\u00fc Hasan Ser\u00e7e\u2019nin duas\u0131yla sona erdi.<br \/><\/p>\n","protected":false},"excerpt":{"rendered":"<p>K\u00fctahya\u2019n\u0131n Simav \u0130l\u00e7e M\u00fcft\u00fcl\u00fc\u011f\u00fcnce Atat\u00fcrk \u0130lkokulunda a\u00e7\u0131lan Yaz Kur\u2019an Kursunda, Kur\u2019an-\u0131 Kerim okumaya ge\u00e7en 60 \u00f6\u011frenci i\u00e7in &#8220;Kur\u2019an\u2019a \u0130lk Ad\u0131m&#8221; program\u0131 ger\u00e7ekle\u015ftirildi. Okul Koordinat\u00f6r\u00fc Manevi Dan\u0131\u015fman Emin D\u00f6nmez \u00f6nc\u00fcl\u00fc\u011f\u00fcnde; \u0130smail \u0130nan, S\u00fcleyman \u00c7imen, Mehmet Takak, Mehmet Duman, Mehmet \u00c7akmak, Hakan Takak, Ufuk Demirkan, Mustafa Ersoy, Mustafa Asa, Esma Kalay, Ay\u015fe \u0130zbudak, \u0130lennur Ate\u015f, K\u00fcbra Oruk,&#8230;<\/p>\n","protected":false},"author":1,"featured_media":46064,"comment_status":"open","ping_status":"open","sticky":false,"template":"","format":"standard","meta":{"_crdt_document":"","footnotes":""},"categories":[123],"tags":[],"class_list":["post-46063","post","type-post","status-publish","format-standard","has-post-thumbnail","hentry","category-gundem"],"_links":{"self":[{"href":"https:\/\/www.egemtv.com\/index.php?rest_route=\/wp\/v2\/posts\/46063","targetHints":{"allow":["GET"]}}],"collection":[{"href":"https:\/\/www.egemtv.com\/index.php?rest_route=\/wp\/v2\/posts"}],"about":[{"href":"https:\/\/www.egemtv.com\/index.php?rest_route=\/wp\/v2\/types\/post"}],"author":[{"embeddable":true,"href":"https:\/\/www.egemtv.com\/index.php?rest_route=\/wp\/v2\/users\/1"}],"replies":[{"embeddable":true,"href":"https:\/\/www.egemtv.com\/index.php?rest_route=%2Fwp%2Fv2%2Fcomments&post=46063"}],"version-history":[{"count":1,"href":"https:\/\/www.egemtv.com\/index.php?rest_route=\/wp\/v2\/posts\/46063\/revisions"}],"predecessor-version":[{"id":46065,"href":"https:\/\/www.egemtv.com\/index.php?rest_route=\/wp\/v2\/posts\/46063\/revisions\/46065"}],"wp:featuredmedia":[{"embeddable":true,"href":"https:\/\/www.egemtv.com\/index.php?rest_route=\/wp\/v2\/media\/46064"}],"wp:attachment":[{"href":"https:\/\/www.egemtv.com\/index.php?rest_route=%2Fwp%2Fv2%2Fmedia&parent=46063"}],"wp:term":[{"taxonomy":"category","embeddable":true,"href":"https:\/\/www.egemtv.com\/index.php?rest_route=%2Fwp%2Fv2%2Fcategories&post=46063"},{"taxonomy":"post_tag","embeddable":true,"href":"https:\/\/www.egemtv.com\/index.php?rest_route=%2Fwp%2Fv2%2Ftags&post=46063"}],"curies":[{"name":"wp","href":"https:\/\/api.w.org\/{rel}","templated":true}]}}