{"id":46060,"date":"2025-08-01T12:34:41","date_gmt":"2025-08-01T09:34:41","guid":{"rendered":"https:\/\/www.egemtv.com\/?p=46060"},"modified":"2025-08-01T12:34:42","modified_gmt":"2025-08-01T09:34:42","slug":"duzenlenen-acilis-kurdele-kesilmeden-iptal-edildi","status":"publish","type":"post","link":"https:\/\/www.egemtv.com\/?p=46060","title":{"rendered":"D\u00fczenlenen a\u00e7\u0131l\u0131\u015f, kurdele kesilmeden iptal edildi"},"content":{"rendered":"<p>K\u00fctahya\u2019n\u0131n Tav\u015fanl\u0131 il\u00e7esinde, TK\u0130 Tav\u015fanl\u0131 Linyitspor\u2019un store ma\u011fazas\u0131 ve irtibat b\u00fcrosu a\u00e7\u0131l\u0131\u015f\u0131, Milletvekili Mehmet Demir\u2019in ele\u015ftirisi ve yap\u0131lan de\u011ferlendirmeler sonucu iptal edildi.<br \/>\n<br \/>B\u00f6lgesel Amat\u00f6r Lig\u2019e iddial\u0131 haz\u0131rlanan TK\u0130 Tav\u015fanl\u0131 Linyitspor\u2019un yeni y\u00f6netimi, \u00e7ar\u015f\u0131 merkezinde yer alan ve Yeniden Refah Partili (YRP) Tav\u015fanl\u0131 Belediyesi taraf\u0131ndan kul\u00fcbe tahsis edilen yakla\u015f\u0131k 10 metrekarelik ah\u015fap d\u00fckkan\u0131 ma\u011faza ve irtibat b\u00fcrosu olarak hizmete a\u00e7mak i\u00e7in haz\u0131rl\u0131klar\u0131n\u0131 tamamlad\u0131. A\u00e7\u0131l\u0131\u015fa K\u00fctahya Milletvekili Mehmet Demir, Tav\u015fanl\u0131 Belediye Ba\u015fkan\u0131 Ali Kemal Derin, ba\u015fkan yard\u0131mc\u0131lar\u0131, kul\u00fcp y\u00f6neticileri ve \u00e7ok say\u0131da taraftar kat\u0131ld\u0131.<br \/>\n<br \/>T\u00f6rende k\u00fcrs\u00fcye \u00e7\u0131kan Milletvekili Mehmet Demir, planlanan ma\u011fazan\u0131n kul\u00fcbe yak\u0131\u015fmad\u0131\u011f\u0131n\u0131 belirterek, &#8220;Buras\u0131 ne Tav\u015fanl\u0131\u2019ya ne de Linyitspor\u2019a yak\u0131\u015f\u0131r. Bu kul\u00fcbeden bozma yer store ma\u011fazas\u0131 olamaz. E\u011fer yap\u0131lacaksa, Linyitspor\u2019a yak\u0131\u015f\u0131r, \u00e7ak\u0131 gibi bir ma\u011faza yap\u0131lmal\u0131&#8221; dedi. Demir\u2019in bu s\u00f6zleri taraftarlardan alk\u0131\u015f ald\u0131.<br \/>\n<br \/>Milletvekili Demir\u2019in ard\u0131ndan konu\u015fan Belediye Ba\u015fkan\u0131 Ali Kemal Derin de \u00f6neriye kat\u0131ld\u0131\u011f\u0131n\u0131 belirterek yeni bir d\u00fczenlemenin yap\u0131laca\u011f\u0131n\u0131n sinyalini verdi. Bunun \u00fczerine a\u00e7\u0131l\u0131\u015f kurdele kesilmeden sonland\u0131r\u0131ld\u0131.<br \/>\n<br \/>Programa ayr\u0131ca AK Parti \u0130l\u00e7e Ba\u015fkan\u0131 Himmet \u00d6zer, MHP \u0130l\u00e7e Ba\u015fkan\u0131 K\u00fcr\u015fat \u00d6zta\u015f, CHP \u0130l\u00e7e Ba\u015fkan\u0131 Galip Sava\u015f, YRP \u0130l\u00e7e Ba\u015fkan\u0131 Abdullah Kul ve taraftar gruplar\u0131 da kat\u0131ld\u0131.<br \/><\/p>\n","protected":false},"excerpt":{"rendered":"<p>K\u00fctahya\u2019n\u0131n Tav\u015fanl\u0131 il\u00e7esinde, TK\u0130 Tav\u015fanl\u0131 Linyitspor\u2019un store ma\u011fazas\u0131 ve irtibat b\u00fcrosu a\u00e7\u0131l\u0131\u015f\u0131, Milletvekili Mehmet Demir\u2019in ele\u015ftirisi ve yap\u0131lan de\u011ferlendirmeler sonucu iptal edildi. B\u00f6lgesel Amat\u00f6r Lig\u2019e iddial\u0131 haz\u0131rlanan TK\u0130 Tav\u015fanl\u0131 Linyitspor\u2019un yeni y\u00f6netimi, \u00e7ar\u015f\u0131 merkezinde yer alan ve Yeniden Refah Partili (YRP) Tav\u015fanl\u0131 Belediyesi taraf\u0131ndan kul\u00fcbe tahsis edilen yakla\u015f\u0131k 10 metrekarelik ah\u015fap d\u00fckkan\u0131 ma\u011faza ve irtibat&#8230;<\/p>\n","protected":false},"author":1,"featured_media":46061,"comment_status":"open","ping_status":"open","sticky":false,"template":"","format":"standard","meta":{"_crdt_document":"","footnotes":""},"categories":[4],"tags":[],"class_list":["post-46060","post","type-post","status-publish","format-standard","has-post-thumbnail","hentry","category-spor"],"_links":{"self":[{"href":"https:\/\/www.egemtv.com\/index.php?rest_route=\/wp\/v2\/posts\/46060","targetHints":{"allow":["GET"]}}],"collection":[{"href":"https:\/\/www.egemtv.com\/index.php?rest_route=\/wp\/v2\/posts"}],"about":[{"href":"https:\/\/www.egemtv.com\/index.php?rest_route=\/wp\/v2\/types\/post"}],"author":[{"embeddable":true,"href":"https:\/\/www.egemtv.com\/index.php?rest_route=\/wp\/v2\/users\/1"}],"replies":[{"embeddable":true,"href":"https:\/\/www.egemtv.com\/index.php?rest_route=%2Fwp%2Fv2%2Fcomments&post=46060"}],"version-history":[{"count":1,"href":"https:\/\/www.egemtv.com\/index.php?rest_route=\/wp\/v2\/posts\/46060\/revisions"}],"predecessor-version":[{"id":46062,"href":"https:\/\/www.egemtv.com\/index.php?rest_route=\/wp\/v2\/posts\/46060\/revisions\/46062"}],"wp:featuredmedia":[{"embeddable":true,"href":"https:\/\/www.egemtv.com\/index.php?rest_route=\/wp\/v2\/media\/46061"}],"wp:attachment":[{"href":"https:\/\/www.egemtv.com\/index.php?rest_route=%2Fwp%2Fv2%2Fmedia&parent=46060"}],"wp:term":[{"taxonomy":"category","embeddable":true,"href":"https:\/\/www.egemtv.com\/index.php?rest_route=%2Fwp%2Fv2%2Fcategories&post=46060"},{"taxonomy":"post_tag","embeddable":true,"href":"https:\/\/www.egemtv.com\/index.php?rest_route=%2Fwp%2Fv2%2Ftags&post=46060"}],"curies":[{"name":"wp","href":"https:\/\/api.w.org\/{rel}","templated":true}]}}