{"id":46057,"date":"2025-08-01T12:14:56","date_gmt":"2025-08-01T09:14:56","guid":{"rendered":"https:\/\/www.egemtv.com\/?p=46057"},"modified":"2025-08-01T12:14:56","modified_gmt":"2025-08-01T09:14:56","slug":"bodrumda-taksicilerle-vip-minibusculer-birbirine-girdi-150-taksici-caddeyi-trafige-kapatti","status":"publish","type":"post","link":"https:\/\/www.egemtv.com\/?p=46057","title":{"rendered":"Bodrum\u2019da taksicilerle VIP minib\u00fcs\u00e7\u00fcler birbirine girdi: 150 taksici caddeyi trafi\u011fe kapatt\u0131"},"content":{"rendered":"<p>Bodrum\u2019un Yal\u0131kavak Mahallesi\u2019nde gece saatlerinde taksi \u015fof\u00f6rleriyle VIP minib\u00fcs s\u00fcr\u00fcc\u00fcleri aras\u0131nda kavga \u00e7\u0131kt\u0131. Ta\u015f\u0131mac\u0131l\u0131k krizi y\u00fcz\u00fcnden \u00e7\u0131kt\u0131\u011f\u0131 \u00f6ne s\u00fcr\u00fclen kavga sonras\u0131, yar\u0131madan\u0131n farkl\u0131 noktalar\u0131ndan yakla\u015f\u0131k 150 taksici olay yerine gelerek caddeyi trafi\u011fe kapatt\u0131.<br \/>\n<br \/>Olay, Yal\u0131kavak Mahallesi \u00c7\u00f6kertme Caddesi\u2019nde meydana geldi. \u0130ddiaya g\u00f6re, m\u00fc\u015fteri alan bir taksi s\u00fcr\u00fcc\u00fcs\u00fc ile b\u00f6lgede faaliyet g\u00f6steren VIP minib\u00fcs\u00e7\u00fcler aras\u0131nda tart\u0131\u015fma \u00e7\u0131kt\u0131. Tart\u0131\u015fma k\u0131sa s\u00fcrede kavgaya d\u00f6n\u00fc\u015f\u00fcnce, di\u011fer taksiciler telsiz anonslar\u0131yla olay yerine ak\u0131n etti.<\/p>\n<p>150 taksici yolu trafi\u011fe kapatt\u0131<br \/>\n<br \/>Kavgan\u0131n b\u00fcy\u00fcmesiyle birlikte yakla\u015f\u0131k 150 taksici olay yerine geldi. Taksiciler, \u00c7\u00f6kertme Caddesi\u2019ni tamamen trafi\u011fe kapat\u0131rken cadde sava\u015f alan\u0131na d\u00f6nd\u00fc. Olayda 1 ki\u015fi yaralanarak hastaneye kald\u0131r\u0131ld\u0131.<\/p>\n<p>Emniyet m\u00fcd\u00fcr\u00fc olay yerine geldi<br \/>\n<br \/>Kavga ihbar\u0131 \u00fczerine \u00e7ok say\u0131da polis b\u00f6lgeye sevk edilirken, Bodrum \u0130l\u00e7e Emniyet M\u00fcd\u00fcr\u00fc Mehmet Darendeli olay yerine gelerek taksi \u015fof\u00f6rlerini ikna etti. Yap\u0131lan g\u00f6r\u00fc\u015fmelerin ard\u0131ndan yol yeniden trafi\u011fe a\u00e7\u0131ld\u0131. Konuyla ilgili 4 ki\u015fi g\u00f6zalt\u0131na al\u0131n\u0131rken, emniyetteki i\u015flemlerinin ard\u0131ndan adliyeye sevk edilece\u011fi \u00f6\u011frenildi.<br \/>\n<br \/>Kavgan\u0131n, VIP s\u00fcr\u00fcc\u00fclerinin, taksicilerin b\u00f6lgeden m\u00fc\u015fteri almas\u0131na kar\u015f\u0131 \u00e7\u0131kmas\u0131ndan kaynakland\u0131\u011f\u0131 ileri s\u00fcr\u00fcld\u00fc.<br \/><\/p>\n","protected":false},"excerpt":{"rendered":"<p>Bodrum\u2019un Yal\u0131kavak Mahallesi\u2019nde gece saatlerinde taksi \u015fof\u00f6rleriyle VIP minib\u00fcs s\u00fcr\u00fcc\u00fcleri aras\u0131nda kavga \u00e7\u0131kt\u0131. Ta\u015f\u0131mac\u0131l\u0131k krizi y\u00fcz\u00fcnden \u00e7\u0131kt\u0131\u011f\u0131 \u00f6ne s\u00fcr\u00fclen kavga sonras\u0131, yar\u0131madan\u0131n farkl\u0131 noktalar\u0131ndan yakla\u015f\u0131k 150 taksici olay yerine gelerek caddeyi trafi\u011fe kapatt\u0131. Olay, Yal\u0131kavak Mahallesi \u00c7\u00f6kertme Caddesi\u2019nde meydana geldi. \u0130ddiaya g\u00f6re, m\u00fc\u015fteri alan bir taksi s\u00fcr\u00fcc\u00fcs\u00fc ile b\u00f6lgede faaliyet g\u00f6steren VIP minib\u00fcs\u00e7\u00fcler aras\u0131nda tart\u0131\u015fma&#8230;<\/p>\n","protected":false},"author":1,"featured_media":46058,"comment_status":"open","ping_status":"open","sticky":false,"template":"","format":"standard","meta":{"_crdt_document":"","footnotes":""},"categories":[5],"tags":[],"class_list":["post-46057","post","type-post","status-publish","format-standard","has-post-thumbnail","hentry","category-asayis"],"_links":{"self":[{"href":"https:\/\/www.egemtv.com\/index.php?rest_route=\/wp\/v2\/posts\/46057","targetHints":{"allow":["GET"]}}],"collection":[{"href":"https:\/\/www.egemtv.com\/index.php?rest_route=\/wp\/v2\/posts"}],"about":[{"href":"https:\/\/www.egemtv.com\/index.php?rest_route=\/wp\/v2\/types\/post"}],"author":[{"embeddable":true,"href":"https:\/\/www.egemtv.com\/index.php?rest_route=\/wp\/v2\/users\/1"}],"replies":[{"embeddable":true,"href":"https:\/\/www.egemtv.com\/index.php?rest_route=%2Fwp%2Fv2%2Fcomments&post=46057"}],"version-history":[{"count":1,"href":"https:\/\/www.egemtv.com\/index.php?rest_route=\/wp\/v2\/posts\/46057\/revisions"}],"predecessor-version":[{"id":46059,"href":"https:\/\/www.egemtv.com\/index.php?rest_route=\/wp\/v2\/posts\/46057\/revisions\/46059"}],"wp:featuredmedia":[{"embeddable":true,"href":"https:\/\/www.egemtv.com\/index.php?rest_route=\/wp\/v2\/media\/46058"}],"wp:attachment":[{"href":"https:\/\/www.egemtv.com\/index.php?rest_route=%2Fwp%2Fv2%2Fmedia&parent=46057"}],"wp:term":[{"taxonomy":"category","embeddable":true,"href":"https:\/\/www.egemtv.com\/index.php?rest_route=%2Fwp%2Fv2%2Fcategories&post=46057"},{"taxonomy":"post_tag","embeddable":true,"href":"https:\/\/www.egemtv.com\/index.php?rest_route=%2Fwp%2Fv2%2Ftags&post=46057"}],"curies":[{"name":"wp","href":"https:\/\/api.w.org\/{rel}","templated":true}]}}