{"id":46054,"date":"2025-08-01T12:14:55","date_gmt":"2025-08-01T09:14:55","guid":{"rendered":"https:\/\/www.egemtv.com\/?p=46054"},"modified":"2025-08-01T12:14:56","modified_gmt":"2025-08-01T09:14:56","slug":"denizli-idmanyurdu-yeni-sezon-hazirliklarina-devam-ediyor","status":"publish","type":"post","link":"https:\/\/www.egemtv.com\/?p=46054","title":{"rendered":"Denizli \u0130dmanyurdu, yeni sezon haz\u0131rl\u0131klar\u0131na devam ediyor"},"content":{"rendered":"<p>Yeni sezonda Nesine 3. Lig 4. Grup\u2019ta m\u00fccadele edecek olan Denizli \u0130dmanyurdu, yeni sezon \u00e7al\u0131\u015fmalar\u0131na ara vermeden g\u00fcnde \u00e7ift antrenman ile devam ediyor. Antreman sonras\u0131 a\u00e7\u0131klamalarda bulunan Teknik Sorumlu \u00d6zcan Sert, &#8220;Transfer \u00e7al\u0131\u015fmalar\u0131m\u0131z devam ediyor. Bizi hem karakter hem de oyun anlam\u0131nda temsil edebilecek 5-6 oyuncu daha transfer ederek yolumuza devam edece\u011fiz&#8221; dedi.<\/p>\n<p>Yeni sezonda TFF 3. Lig 4. Grup\u2019ta m\u00fccadele edecek olan Denizli \u0130dmanyurdu, yeni sezon \u00e7al\u0131\u015fmalar\u0131na ara vermeden g\u00fcnde \u00e7ift antrenman ile devam ediyor. Teknik Sorumlu \u00d6zcan Sert, haz\u0131rl\u0131k s\u00fcrecinin ilk etab\u0131 olan Denizli\u2019deki \u00e7al\u0131\u015fmalar\u0131 tamamlad\u0131klar\u0131n\u0131 belirterek 5 A\u011fustos Sal\u0131 g\u00fcn\u00fc ikinci etap kamp\u0131 i\u00e7in Afyon\u2019a gideceklerini s\u00f6yledi. 2025-2026 sezonunda TFF 3. Lig 4. Grup\u2019ta m\u00fccadele edecek olan Denizli \u0130dmanyurdu, yeni sezon haz\u0131rl\u0131klar\u0131n\u0131n Denizli b\u00f6l\u00fcm\u00fcn\u00fc Do\u011fan Seyfi Atl\u0131 Stad\u0131\u2019nda yapt\u0131\u011f\u0131 son \u00e7al\u0131\u015fma ile tamamlad\u0131. Teknik Sorumlu \u00d6zcan Sert nezaretinde yap\u0131lan antrenman yakla\u015f\u0131k 2 saat s\u00fcrd\u00fc.<\/p>\n<p>&#8220;\u00c7al\u0131\u015fmalar\u0131m\u0131z gayet verimli ge\u00e7iyor&#8221;<br \/>\n<br \/>Yeni sezon haz\u0131rl\u0131klar\u0131 ve transfer s\u00fcreci ile ilgili olarak a\u00e7\u0131klamalarda bulunan Teknik Sorumlu \u00d6zcan Sert, Denizli\u2019de iyi bir haz\u0131rl\u0131k s\u00fcreci ge\u00e7irdiklerine dikkat \u00e7ekerek &#8220;\u00c7al\u0131\u015fmalar\u0131m\u0131z gayet verimli ge\u00e7iyor. \u00c7al\u0131\u015fmalara 18 Temmuz\u2019da ba\u015flam\u0131\u015ft\u0131k. \u0130kinci haftan\u0131n sonuna geldik. Bu g\u00fcn yapaca\u011f\u0131m\u0131z \u00e7ift antrenmanla birlikte tak\u0131ma 3 g\u00fcn izin verece\u011fiz. Bekledi\u011fimiz gibi g\u00fczel verimli bir haz\u0131rl\u0131k d\u00f6nemi oldu &#8220;dedi.<\/p>\n<p>&#8220;Denizli\u2019mizi en iyi \u015fekilde temsil etmek i\u00e7in var g\u00fcc\u00fcm\u00fczle \u00e7al\u0131\u015fmaya devam edece\u011fiz&#8221;<br \/>\n<br \/>Son kat\u0131lan oyuncularla birlikte 14 yeni transferimiz oldu diyen Teknik Sorumlu Sert, &#8220;Alt yap\u0131dan kat\u0131lan gen\u00e7lerimiz var. Se\u00e7melerden, denemelerden kazand\u0131\u011f\u0131m\u0131z oyuncular var. Buradan kamp kadrosunu belirleyerek Pazartesi g\u00fcn\u00fc Denizli\u2019de toplan\u0131p antrenman yapt\u0131ktan sonra Sal\u0131 g\u00fcn\u00fc Afyon kamp\u0131na gidece\u011fiz. \u0130ki etap \u015feklinde kamp yap\u0131p d\u00f6nd\u00fc\u011f\u00fcm\u00fczde art\u0131k lig haftas\u0131na girmi\u015f olaca\u011f\u0131z. Denizli \u015fehrimizi en iyi \u015fekilde temsil etmek i\u00e7in var g\u00fcc\u00fcm\u00fczle \u00e7al\u0131\u015fmaya devam edece\u011fiz&#8221; diye konu\u015ftu.<\/p>\n<p>&#8220;Transfer \u00e7al\u0131\u015fmalar\u0131m\u0131z devam ediyor&#8221;<br \/>\n<br \/>Yeni kurulan bir tak\u0131m olduklar\u0131na vurgu yapan Sert, &#8220;Biz yeni kurulan bir tak\u0131m\u0131z. 3. Lige yeni \u00e7\u0131km\u0131\u015f bir tak\u0131m\u0131z. 3. Lig kadrosu olu\u015fturmaya \u00e7al\u0131\u015f\u0131yoruz. Transfer \u00e7al\u0131\u015fmalar\u0131m\u0131z devam ediyor. Bizi hem karakter hem de oyun anlam\u0131nda temsil edebilecek 5-6 oyuncu daha transfer ederek yolumuza devam edece\u011fiz. Transfer \u00e7al\u0131\u015fmalar\u0131m\u0131z ayn\u0131 saha \u00e7al\u0131\u015fmalar\u0131m\u0131z gibi devam ediyor. Bu konuda ba\u015fkan\u0131m\u0131z, y\u00f6netim kuruluyla birlikte m\u00fcthi\u015f bir efor sarf ediyorlar. Onlara da buradan te\u015fekk\u00fcr ediyorum &#8220;ifadelerini kulland\u0131.<br \/><\/p>\n","protected":false},"excerpt":{"rendered":"<p>Yeni sezonda Nesine 3. Lig 4. Grup\u2019ta m\u00fccadele edecek olan Denizli \u0130dmanyurdu, yeni sezon \u00e7al\u0131\u015fmalar\u0131na ara vermeden g\u00fcnde \u00e7ift antrenman ile devam ediyor. Antreman sonras\u0131 a\u00e7\u0131klamalarda bulunan Teknik Sorumlu \u00d6zcan Sert, &#8220;Transfer \u00e7al\u0131\u015fmalar\u0131m\u0131z devam ediyor. Bizi hem karakter hem de oyun anlam\u0131nda temsil edebilecek 5-6 oyuncu daha transfer ederek yolumuza devam edece\u011fiz&#8221; dedi. Yeni sezonda&#8230;<\/p>\n","protected":false},"author":1,"featured_media":46055,"comment_status":"open","ping_status":"open","sticky":false,"template":"","format":"standard","meta":{"_crdt_document":"","footnotes":""},"categories":[4],"tags":[],"class_list":["post-46054","post","type-post","status-publish","format-standard","has-post-thumbnail","hentry","category-spor"],"_links":{"self":[{"href":"https:\/\/www.egemtv.com\/index.php?rest_route=\/wp\/v2\/posts\/46054","targetHints":{"allow":["GET"]}}],"collection":[{"href":"https:\/\/www.egemtv.com\/index.php?rest_route=\/wp\/v2\/posts"}],"about":[{"href":"https:\/\/www.egemtv.com\/index.php?rest_route=\/wp\/v2\/types\/post"}],"author":[{"embeddable":true,"href":"https:\/\/www.egemtv.com\/index.php?rest_route=\/wp\/v2\/users\/1"}],"replies":[{"embeddable":true,"href":"https:\/\/www.egemtv.com\/index.php?rest_route=%2Fwp%2Fv2%2Fcomments&post=46054"}],"version-history":[{"count":1,"href":"https:\/\/www.egemtv.com\/index.php?rest_route=\/wp\/v2\/posts\/46054\/revisions"}],"predecessor-version":[{"id":46056,"href":"https:\/\/www.egemtv.com\/index.php?rest_route=\/wp\/v2\/posts\/46054\/revisions\/46056"}],"wp:featuredmedia":[{"embeddable":true,"href":"https:\/\/www.egemtv.com\/index.php?rest_route=\/wp\/v2\/media\/46055"}],"wp:attachment":[{"href":"https:\/\/www.egemtv.com\/index.php?rest_route=%2Fwp%2Fv2%2Fmedia&parent=46054"}],"wp:term":[{"taxonomy":"category","embeddable":true,"href":"https:\/\/www.egemtv.com\/index.php?rest_route=%2Fwp%2Fv2%2Fcategories&post=46054"},{"taxonomy":"post_tag","embeddable":true,"href":"https:\/\/www.egemtv.com\/index.php?rest_route=%2Fwp%2Fv2%2Ftags&post=46054"}],"curies":[{"name":"wp","href":"https:\/\/api.w.org\/{rel}","templated":true}]}}