{"id":46051,"date":"2025-08-01T11:55:07","date_gmt":"2025-08-01T08:55:07","guid":{"rendered":"https:\/\/www.egemtv.com\/?p=46051"},"modified":"2025-08-01T11:55:07","modified_gmt":"2025-08-01T08:55:07","slug":"bozdoganda-sehir-ici-seferleri-basladi","status":"publish","type":"post","link":"https:\/\/www.egemtv.com\/?p=46051","title":{"rendered":"Bozdo\u011fan\u2019da \u015fehir i\u00e7i seferleri ba\u015flad\u0131"},"content":{"rendered":"<p>Ayd\u0131n\u2019\u0131n Bozdo\u011fan il\u00e7esinde k\u0131rsal mahallelerdeki vatanda\u015flar\u0131n il\u00e7e merkezine ula\u015f\u0131m\u0131n\u0131 kolayla\u015ft\u0131rmak amac\u0131yla Bozdo\u011fan Belediye Ba\u015fkan\u0131 Mustafa Galip \u00d6zel\u2019in talimat\u0131yla \u015fehir i\u00e7i seferleri ba\u015flad\u0131.<\/p>\n<p>Bozdo\u011fan Belediye Ba\u015fkan\u0131 Mustafa Galip \u00d6zel, se\u00e7im d\u00f6neminde verdi\u011fi s\u00f6zleri bir bir hayata ge\u00e7irmeye devam ediyor. Halk\u0131n taleplerini ve ihtiya\u00e7lar\u0131n\u0131 \u00f6ncelik kabul eden Ba\u015fkan \u00d6zel, sosyal belediyecilik anlay\u0131\u015f\u0131yla projelerini tek tek uygulamaya koyuyor. Bu kapsamda, Ba\u015fkan \u00d6zel\u2019in talimat\u0131yla K\u00fclt\u00fcr ve Sosyal \u0130\u015fler M\u00fcd\u00fcrl\u00fc\u011f\u00fc taraf\u0131ndan hayata ge\u00e7irilen \u015fehir i\u00e7i seferleri vatanda\u015flardan b\u00fcy\u00fck ilgi g\u00f6rd\u00fc. Sal\u0131 ve Cuma g\u00fcnleri d\u00fczenli olarak yap\u0131lan seferlerle, Hisar Mahallesi, H\u0131d\u0131rbaba Mahallesi ve Cumhuriyet Mahallesi\u2019nden il\u00e7e merkezine, pazara ve hastaneye ula\u015f\u0131m art\u0131k \u00e7ok daha kolay. \u00d6zellikle ya\u015fl\u0131, engelli ve \u00e7ocuklu vatanda\u015flar i\u00e7in b\u00fcy\u00fck kolayl\u0131k sa\u011flayan uygulama, hem pratikli\u011fi hem de vatanda\u015f odakl\u0131 yap\u0131s\u0131yla be\u011feni toplad\u0131.<\/p>\n<p>Minib\u00fcs\u00fcne binen vatanda\u015flar, &#8220;Bu ara\u00e7lar ile \u00e7ar\u015f\u0131 pazara gitmemiz kolayla\u015ft\u0131. Hastaneye gitmesi ve gelmesi zor oluyordu. Bizleri d\u00fc\u015f\u00fcnen ba\u015fkan\u0131m\u0131za \u00e7ok te\u015fekk\u00fcr ediyoruz. Allah Ba\u015fkan\u0131m\u0131zdan raz\u0131 olsun&#8221; diyerek memnuniyetlerini ifade etti.<\/p>\n<p>Ba\u015fkan Mustafa Galip \u00d6zel ise &#8220;Biz g\u00fcc\u00fcm\u00fcz\u00fc halk\u0131m\u0131z\u0131n dualar\u0131ndan, vatanda\u015flar\u0131m\u0131zla kurdu\u011fumuz g\u00f6n\u00fcl ba\u011f\u0131ndan al\u0131yoruz. Sizlerden Allah raz\u0131 olsun, dualar\u0131n\u0131z bize g\u00fc\u00e7 ve kuvvet veriyor. Bozdo\u011fan i\u00e7in durmadan yorulmadan \u00e7al\u0131\u015fmaya devam edece\u011fiz&#8221; s\u00f6zleriyle hem\u015fehrilerine te\u015fekk\u00fcr etti.<\/p>\n<p>Bozdo\u011fan Belediyesi\u2019nin, \u015fehir i\u00e7i ula\u015f\u0131m\u0131 kolayla\u015ft\u0131rmaya y\u00f6nelik bu hizmetleri, gelen talepler do\u011frultusunda daha da yayg\u0131nla\u015ft\u0131rmay\u0131 hedefledi\u011fi belirtildi.<br \/><\/p>\n","protected":false},"excerpt":{"rendered":"<p>Ayd\u0131n\u2019\u0131n Bozdo\u011fan il\u00e7esinde k\u0131rsal mahallelerdeki vatanda\u015flar\u0131n il\u00e7e merkezine ula\u015f\u0131m\u0131n\u0131 kolayla\u015ft\u0131rmak amac\u0131yla Bozdo\u011fan Belediye Ba\u015fkan\u0131 Mustafa Galip \u00d6zel\u2019in talimat\u0131yla \u015fehir i\u00e7i seferleri ba\u015flad\u0131. Bozdo\u011fan Belediye Ba\u015fkan\u0131 Mustafa Galip \u00d6zel, se\u00e7im d\u00f6neminde verdi\u011fi s\u00f6zleri bir bir hayata ge\u00e7irmeye devam ediyor. Halk\u0131n taleplerini ve ihtiya\u00e7lar\u0131n\u0131 \u00f6ncelik kabul eden Ba\u015fkan \u00d6zel, sosyal belediyecilik anlay\u0131\u015f\u0131yla projelerini tek tek uygulamaya koyuyor&#8230;.<\/p>\n","protected":false},"author":1,"featured_media":46052,"comment_status":"open","ping_status":"open","sticky":false,"template":"","format":"standard","meta":{"_crdt_document":"","footnotes":""},"categories":[1],"tags":[],"class_list":["post-46051","post","type-post","status-publish","format-standard","has-post-thumbnail","hentry","category-guncel"],"_links":{"self":[{"href":"https:\/\/www.egemtv.com\/index.php?rest_route=\/wp\/v2\/posts\/46051","targetHints":{"allow":["GET"]}}],"collection":[{"href":"https:\/\/www.egemtv.com\/index.php?rest_route=\/wp\/v2\/posts"}],"about":[{"href":"https:\/\/www.egemtv.com\/index.php?rest_route=\/wp\/v2\/types\/post"}],"author":[{"embeddable":true,"href":"https:\/\/www.egemtv.com\/index.php?rest_route=\/wp\/v2\/users\/1"}],"replies":[{"embeddable":true,"href":"https:\/\/www.egemtv.com\/index.php?rest_route=%2Fwp%2Fv2%2Fcomments&post=46051"}],"version-history":[{"count":1,"href":"https:\/\/www.egemtv.com\/index.php?rest_route=\/wp\/v2\/posts\/46051\/revisions"}],"predecessor-version":[{"id":46053,"href":"https:\/\/www.egemtv.com\/index.php?rest_route=\/wp\/v2\/posts\/46051\/revisions\/46053"}],"wp:featuredmedia":[{"embeddable":true,"href":"https:\/\/www.egemtv.com\/index.php?rest_route=\/wp\/v2\/media\/46052"}],"wp:attachment":[{"href":"https:\/\/www.egemtv.com\/index.php?rest_route=%2Fwp%2Fv2%2Fmedia&parent=46051"}],"wp:term":[{"taxonomy":"category","embeddable":true,"href":"https:\/\/www.egemtv.com\/index.php?rest_route=%2Fwp%2Fv2%2Fcategories&post=46051"},{"taxonomy":"post_tag","embeddable":true,"href":"https:\/\/www.egemtv.com\/index.php?rest_route=%2Fwp%2Fv2%2Ftags&post=46051"}],"curies":[{"name":"wp","href":"https:\/\/api.w.org\/{rel}","templated":true}]}}