{"id":46045,"date":"2025-08-01T11:34:54","date_gmt":"2025-08-01T08:34:54","guid":{"rendered":"https:\/\/www.egemtv.com\/?p=46045"},"modified":"2025-08-01T11:34:54","modified_gmt":"2025-08-01T08:34:54","slug":"beyagaca-gokyuzune-iz-birakan-bir-eser-kazandirildi","status":"publish","type":"post","link":"https:\/\/www.egemtv.com\/?p=46045","title":{"rendered":"Beya\u011fa\u00e7\u2019a g\u00f6ky\u00fcz\u00fcne iz b\u0131rakan bir eser kazand\u0131r\u0131ld\u0131"},"content":{"rendered":"<p>D\u00fcnyan\u0131n en karanl\u0131k noktalar\u0131ndan Beya\u011fa\u00e7 Topuklu Yaylas\u0131nda 5. kez d\u00fczenlenen g\u00f6ky\u00fcz\u00fc g\u00f6zlem etkinleri kapsam\u0131nda a\u00e7\u0131l\u0131\u015f\u0131 yap\u0131lan, 3 metre y\u00fcksekli\u011findeki ve Peygamber Efendimizin do\u011fum y\u0131l\u0131na i\u015faret  \u2018G\u00f6ky\u00fcz\u00fc An\u0131t\u0131\u2019, tarihteki 16 b\u00fcy\u00fck T\u00fcrk devletini temsil eden anlam\u0131yla b\u00fcy\u00fck be\u011feni toplad\u0131.<\/p>\n<p>Denizli Valili\u011fi, Denizli B\u00fcy\u00fck\u015fehir Belediyesi, Beya\u011fa\u00e7 Belediyesi, Kalebey Yerel Eylem Grubu Derne\u011fi ve G\u00fcney Ege Kalk\u0131nma Ajans\u0131 (GEKA) i\u015f birli\u011finde ger\u00e7ekle\u015ftirilen 5. Topuklu Yaylas\u0131 Ethem Hoca ile G\u00f6ky\u00fcz\u00fc G\u00f6zlem Etkinlikleri yurt i\u00e7i ve yurt d\u0131\u015f\u0131ndan binlerce g\u00f6ky\u00fcz\u00fc tutkununun kat\u0131l\u0131m\u0131yla ba\u015flad\u0131.<\/p>\n<p>Gece yap\u0131lan birinci g\u00fcn g\u00f6zlemi \u00f6ncesi Beya\u011fa\u00e7 Demokrasi Meydan\u0131na belediye taraf\u0131ndan yapt\u0131r\u0131lan \u2018G\u00f6ky\u00fcz\u00fc An\u0131t\u0131n\u0131n\u2019 a\u00e7\u0131l\u0131\u015f\u0131 yap\u0131ld\u0131. Beya\u011fa\u00e7 Belediye Ba\u015fkan\u0131 Sezayi P\u00fct\u00fcn\u2019\u00fcn ev sahipli\u011finde ger\u00e7ekle\u015fen a\u00e7\u0131l\u0131\u015fa B\u00fcy\u00fck\u015fehir Belediye Ba\u015fkan Vekili Ali Mar\u0131m, Astronom Prof. Dr. Ethem Derman, Tavas Belediye Ba\u015fkan\u0131 Kadir Tat\u0131k, Denizli ve Mu\u011fla\u2019dan gelen konuk belediye ba\u015fkanlar\u0131, protokol \u00fcyeleri ve Beya\u011fa\u00e7l\u0131lar kat\u0131ld\u0131.<\/p>\n<p>&#8220;Peygamber Efendimizin do\u011fum y\u0131l\u0131na i\u015faret ediyor&#8221;<br \/>\n<br \/>Topuklu Yaylas\u0131nda d\u00fczenlenen &#8220;Ethem Hoca ile G\u00f6ky\u00fcz\u00fc G\u00f6zlem Etkinli\u011fi&#8221; kapsam\u0131nda g\u00f6ky\u00fcz\u00fcn\u00fcn b\u00fcy\u00fcs\u00fcne tan\u0131kl\u0131k etmek i\u00e7in bir araya geldiklerini belirten Beya\u011fa\u00e7 Belediye Ba\u015fkan\u0131 Sezayi P\u00fct\u00fcn, &#8220;Bu y\u0131l g\u00f6ky\u00fcz\u00fc g\u00f6zlem etkinli\u011fimizi daha da anlaml\u0131 k\u0131lan \u00f6zel bir sembol\u00fc il\u00e7emize kazand\u0131rm\u0131\u015f olman\u0131n gururunu ya\u015f\u0131yoruz. \u0130l\u00e7emizin kalbinde y\u00fckselen \u2018G\u00f6ky\u00fcz\u00fc An\u0131t\u0131\u2019, yaln\u0131zca estetik bir yap\u0131 de\u011fil; ayn\u0131 zamanda k\u00fclt\u00fcr\u00fcm\u00fcz\u00fcn, tarihimizin ve bilimsel bak\u0131\u015f\u0131m\u0131z\u0131n g\u00fc\u00e7l\u00fc bir yans\u0131mas\u0131d\u0131r. Sekizgen kaidesi, Sel\u00e7uklu sanat\u0131nda \u00f6nemli bir yere sahip olan sekiz k\u00f6\u015feli y\u0131ld\u0131z\u0131 simgelerken, ayn\u0131 zamanda yer ile g\u00f6k aras\u0131ndaki kozmik dengeye vurgu yapmaktad\u0131r. 301 santimetre y\u00fcksekli\u011finde ve 270 santimetre geni\u015fli\u011findeki hilal formu, toplamda 571 say\u0131s\u0131yla Peygamber Efendimizin do\u011fum y\u0131l\u0131na i\u015faret etmektedir. Hilalin iki cephesine yerle\u015ftirilen 16 y\u0131ld\u0131z, T\u00fcrk tarihindeki 16 b\u00fcy\u00fck T\u00fcrk devletini temsil etmektedir. An\u0131t\u0131n \u00fcst b\u00f6l\u00fcm\u00fcnde yer alan Ay, Y\u0131ld\u0131zlar ve Sat\u00fcrn gezegeni, g\u00f6k bilimi ile k\u00fclt\u00fcrel haf\u0131zam\u0131z\u0131 bir araya getirerek bu eseri sadece bir yap\u0131 olmaktan \u00e7\u0131kar\u0131p anlam y\u00fckl\u00fc bir simgeye d\u00f6n\u00fc\u015ft\u00fcrmektedir. Beya\u011fa\u00e7\u2019ta g\u00f6ky\u00fcz\u00fcne iz b\u0131rakmak isteyen herkesi bu e\u015fsiz eseri g\u00f6rmeye davet ediyoruz&#8221; dedi.<\/p>\n<p>Beya\u011fa\u00e7\u2019a kazand\u0131r\u0131lan ve g\u00f6\u011fe uzanan anlam y\u00fckl\u00fc bu g\u00fczel eser i\u00e7in Beya\u011fa\u00e7 Belediye Ba\u015fkan\u0131m\u0131z Sezayi P\u00fct\u00fcn ve eme\u011fi ge\u00e7en herkesi tebrik eden Tavas Belediye Ba\u015fkan\u0131 Kadir Tat\u0131k ise &#8220;Bilimi, tarihi ve k\u00fclt\u00fcrel miras\u0131m\u0131z\u0131 bir araya getiren G\u00f6ky\u00fcz\u00fc An\u0131t\u0131, sadece bir heykel de\u011fil; ge\u00e7mi\u015fimizden gelece\u011fe kurulan sembolik bir k\u00f6pr\u00fc. Sel\u00e7uklu sanat\u0131nda \u00f6nemli bir motif olan sekizgen kaide, hem tarihi bir referans hem de yer ile g\u00f6k aras\u0131ndaki kozmik dengeyi simgeliyor. An\u0131t\u0131n y\u00fcksekli\u011fi olan 301 santimetre ile geni\u015fli\u011fi 270 santimetre toplamda 571 say\u0131s\u0131n\u0131 olu\u015fturuyor; bu da Peygamber Efendimizin do\u011fum y\u0131l\u0131na g\u00f6nderme yap\u0131yor. Hilalin iki y\u00fcz\u00fcne yerle\u015ftirilen 16 y\u0131ld\u0131z, T\u00fcrk tarihindeki 16 b\u00fcy\u00fck devleti temsil ediyor. \u00dcst b\u00f6l\u00fcmde yer alan Sat\u00fcrn gezegeni ise, an\u0131ta g\u00f6k bilimiyle evrensel bir perspektif kat\u0131yor. T\u00fcm bu detaylar, bu an\u0131t\u0131 \u00f6zel ve anlaml\u0131 k\u0131l\u0131yor. Bizler de bu g\u00fczel a\u00e7\u0131l\u0131\u015fta yer almaktan b\u00fcy\u00fck onur duyduk. G\u00f6ky\u00fcz\u00fcne bakmay\u0131 seven herkesi bu e\u015fsiz eseri yerinde g\u00f6rmeye davet ediyorum&#8221; diye konu\u015ftu.<br \/><\/p>\n","protected":false},"excerpt":{"rendered":"<p>D\u00fcnyan\u0131n en karanl\u0131k noktalar\u0131ndan Beya\u011fa\u00e7 Topuklu Yaylas\u0131nda 5. kez d\u00fczenlenen g\u00f6ky\u00fcz\u00fc g\u00f6zlem etkinleri kapsam\u0131nda a\u00e7\u0131l\u0131\u015f\u0131 yap\u0131lan, 3 metre y\u00fcksekli\u011findeki ve Peygamber Efendimizin do\u011fum y\u0131l\u0131na i\u015faret \u2018G\u00f6ky\u00fcz\u00fc An\u0131t\u0131\u2019, tarihteki 16 b\u00fcy\u00fck T\u00fcrk devletini temsil eden anlam\u0131yla b\u00fcy\u00fck be\u011feni toplad\u0131. Denizli Valili\u011fi, Denizli B\u00fcy\u00fck\u015fehir Belediyesi, Beya\u011fa\u00e7 Belediyesi, Kalebey Yerel Eylem Grubu Derne\u011fi ve G\u00fcney Ege Kalk\u0131nma Ajans\u0131&#8230;<\/p>\n","protected":false},"author":1,"featured_media":46046,"comment_status":"open","ping_status":"open","sticky":false,"template":"","format":"standard","meta":{"_crdt_document":"","footnotes":""},"categories":[124],"tags":[],"class_list":["post-46045","post","type-post","status-publish","format-standard","has-post-thumbnail","hentry","category-bilim"],"_links":{"self":[{"href":"https:\/\/www.egemtv.com\/index.php?rest_route=\/wp\/v2\/posts\/46045","targetHints":{"allow":["GET"]}}],"collection":[{"href":"https:\/\/www.egemtv.com\/index.php?rest_route=\/wp\/v2\/posts"}],"about":[{"href":"https:\/\/www.egemtv.com\/index.php?rest_route=\/wp\/v2\/types\/post"}],"author":[{"embeddable":true,"href":"https:\/\/www.egemtv.com\/index.php?rest_route=\/wp\/v2\/users\/1"}],"replies":[{"embeddable":true,"href":"https:\/\/www.egemtv.com\/index.php?rest_route=%2Fwp%2Fv2%2Fcomments&post=46045"}],"version-history":[{"count":1,"href":"https:\/\/www.egemtv.com\/index.php?rest_route=\/wp\/v2\/posts\/46045\/revisions"}],"predecessor-version":[{"id":46047,"href":"https:\/\/www.egemtv.com\/index.php?rest_route=\/wp\/v2\/posts\/46045\/revisions\/46047"}],"wp:featuredmedia":[{"embeddable":true,"href":"https:\/\/www.egemtv.com\/index.php?rest_route=\/wp\/v2\/media\/46046"}],"wp:attachment":[{"href":"https:\/\/www.egemtv.com\/index.php?rest_route=%2Fwp%2Fv2%2Fmedia&parent=46045"}],"wp:term":[{"taxonomy":"category","embeddable":true,"href":"https:\/\/www.egemtv.com\/index.php?rest_route=%2Fwp%2Fv2%2Fcategories&post=46045"},{"taxonomy":"post_tag","embeddable":true,"href":"https:\/\/www.egemtv.com\/index.php?rest_route=%2Fwp%2Fv2%2Ftags&post=46045"}],"curies":[{"name":"wp","href":"https:\/\/api.w.org\/{rel}","templated":true}]}}