{"id":46042,"date":"2025-08-01T11:34:53","date_gmt":"2025-08-01T08:34:53","guid":{"rendered":"https:\/\/www.egemtv.com\/?p=46042"},"modified":"2025-08-01T11:34:54","modified_gmt":"2025-08-01T08:34:54","slug":"emette-depo-yangini-korkuttu","status":"publish","type":"post","link":"https:\/\/www.egemtv.com\/?p=46042","title":{"rendered":"Emet\u2019te depo yang\u0131n\u0131 korkuttu"},"content":{"rendered":"<p>K\u00fctahya\u2019n\u0131n Emet il\u00e7esinde bir i\u015f yerine ait depoda \u00e7\u0131kan yang\u0131n korkulu saatlerin ya\u015fanmas\u0131na neden oldu.<br \/>\n<br \/>Edinilen bilgiye g\u00f6re, Hamam Mahallesi\u2019ndeki Karayollar\u0131 \u015eefli\u011fi kar\u015f\u0131s\u0131nda in\u015faat malzemeleri satan bir i\u015fyerinin deposunda hen\u00fcz belirlenemeyen bir nedenle yang\u0131n \u00e7\u0131kt\u0131. \u0130hbar \u00fczerine yang\u0131n mahalline Emet Belediyesi itfaiye ekipleri sevk edildi. Ekiplerin m\u00fcdahalesi sonucu yang\u0131n k\u0131sa s\u00fcrede s\u00f6nd\u00fcr\u00fcld\u00fc. Yang\u0131nda depoda bulunan in\u015faat malzemeleri hasar g\u00f6rd\u00fc.<br \/>\n<br \/>Yang\u0131nla ilgili soru\u015fturma ba\u015flat\u0131ld\u0131.<br \/><\/p>\n","protected":false},"excerpt":{"rendered":"<p>K\u00fctahya\u2019n\u0131n Emet il\u00e7esinde bir i\u015f yerine ait depoda \u00e7\u0131kan yang\u0131n korkulu saatlerin ya\u015fanmas\u0131na neden oldu. Edinilen bilgiye g\u00f6re, Hamam Mahallesi\u2019ndeki Karayollar\u0131 \u015eefli\u011fi kar\u015f\u0131s\u0131nda in\u015faat malzemeleri satan bir i\u015fyerinin deposunda hen\u00fcz belirlenemeyen bir nedenle yang\u0131n \u00e7\u0131kt\u0131. \u0130hbar \u00fczerine yang\u0131n mahalline Emet Belediyesi itfaiye ekipleri sevk edildi. Ekiplerin m\u00fcdahalesi sonucu yang\u0131n k\u0131sa s\u00fcrede s\u00f6nd\u00fcr\u00fcld\u00fc. Yang\u0131nda depoda bulunan&#8230;<\/p>\n","protected":false},"author":1,"featured_media":46043,"comment_status":"open","ping_status":"open","sticky":false,"template":"","format":"standard","meta":{"_crdt_document":"","footnotes":""},"categories":[5],"tags":[],"class_list":["post-46042","post","type-post","status-publish","format-standard","has-post-thumbnail","hentry","category-asayis"],"_links":{"self":[{"href":"https:\/\/www.egemtv.com\/index.php?rest_route=\/wp\/v2\/posts\/46042","targetHints":{"allow":["GET"]}}],"collection":[{"href":"https:\/\/www.egemtv.com\/index.php?rest_route=\/wp\/v2\/posts"}],"about":[{"href":"https:\/\/www.egemtv.com\/index.php?rest_route=\/wp\/v2\/types\/post"}],"author":[{"embeddable":true,"href":"https:\/\/www.egemtv.com\/index.php?rest_route=\/wp\/v2\/users\/1"}],"replies":[{"embeddable":true,"href":"https:\/\/www.egemtv.com\/index.php?rest_route=%2Fwp%2Fv2%2Fcomments&post=46042"}],"version-history":[{"count":1,"href":"https:\/\/www.egemtv.com\/index.php?rest_route=\/wp\/v2\/posts\/46042\/revisions"}],"predecessor-version":[{"id":46044,"href":"https:\/\/www.egemtv.com\/index.php?rest_route=\/wp\/v2\/posts\/46042\/revisions\/46044"}],"wp:featuredmedia":[{"embeddable":true,"href":"https:\/\/www.egemtv.com\/index.php?rest_route=\/wp\/v2\/media\/46043"}],"wp:attachment":[{"href":"https:\/\/www.egemtv.com\/index.php?rest_route=%2Fwp%2Fv2%2Fmedia&parent=46042"}],"wp:term":[{"taxonomy":"category","embeddable":true,"href":"https:\/\/www.egemtv.com\/index.php?rest_route=%2Fwp%2Fv2%2Fcategories&post=46042"},{"taxonomy":"post_tag","embeddable":true,"href":"https:\/\/www.egemtv.com\/index.php?rest_route=%2Fwp%2Fv2%2Ftags&post=46042"}],"curies":[{"name":"wp","href":"https:\/\/api.w.org\/{rel}","templated":true}]}}