{"id":46039,"date":"2025-08-01T11:14:48","date_gmt":"2025-08-01T08:14:48","guid":{"rendered":"https:\/\/www.egemtv.com\/?p=46039"},"modified":"2025-08-01T11:14:49","modified_gmt":"2025-08-01T08:14:49","slug":"olumle-sonuclanan-kazanin-faili-jandarmanin-takibiyle-yakalandi","status":"publish","type":"post","link":"https:\/\/www.egemtv.com\/?p=46039","title":{"rendered":"\u00d6l\u00fcmle sonu\u00e7lanan kazan\u0131n faili jandarman\u0131n takibiyle yakaland\u0131"},"content":{"rendered":"<p>Ayd\u0131n\u2019\u0131n \u0130ncirliova il\u00e7esi Erbeyli Mahallesi\u2019nde meydana gelen trafik kazas\u0131nda hayat\u0131n\u0131 kaybeden motosiklet s\u00fcr\u00fcc\u00fcs\u00fcn\u00fcn \u00f6l\u00fcm\u00fcne neden olan ara\u00e7 s\u00fcr\u00fcc\u00fcs\u00fc, jandarma ekiplerinin titiz \u00e7al\u0131\u015fmas\u0131yla tespit edilerek yakaland\u0131.<\/p>\n<p>Kaza, \u0130ncirliova-Germencik Karayolu \u00fczerinde meydana geldi. Edinilen bilgiye g\u00f6re, 09 ABP 956 plakal\u0131 motosikletiyle seyir halindeyken kazaya kar\u0131\u015fan Selim Erta\u015f (44), olay yerinde hayat\u0131n\u0131 kaybetti. Olay\u0131n ard\u0131ndan harekete ge\u00e7en \u0130ncirliova \u0130l\u00e7e Jandarma Komutanl\u0131\u011f\u0131 ekipleri, \u00e7evrede yapt\u0131klar\u0131 detayl\u0131 incelemede k\u0131r\u0131k far par\u00e7alar\u0131 buldu. Elde edilen deliller do\u011frultusunda kazaya kar\u0131\u015fan ikinci bir arac\u0131n olabilece\u011fi ihtimali \u00fczerinde duruldu. G\u00fczergah \u00fczerindeki g\u00fcvenlik kameralar\u0131n\u0131 mercek alt\u0131na alan ekipler, 30 Temmuz 2025 g\u00fcn\u00fc saat 01.20 s\u0131ralar\u0131nda \u0130ncirliova\u2019dan Germencik istikametine giden, sa\u011f far\u0131 olmayan a\u00e7\u0131k kasa bir kamyoneti tespit etti. Yap\u0131lan ara\u015ft\u0131rmada \u015f\u00fcpheli arac\u0131n s\u00fcr\u00fcc\u00fcs\u00fcn\u00fcn B.U. (23) oldu\u011fu belirlendi.<\/p>\n<p>\u015e\u00fcpheli s\u00fcr\u00fcc\u00fc, 31 Temmuz 2025 g\u00fcn\u00fc saat 17.00 s\u0131ralar\u0131nda Germencik il\u00e7e merkezinde d\u00fczenlenen operasyonla yakaland\u0131. B.U.\u2019nun kazan\u0131n ard\u0131ndan hasar g\u00f6ren arac\u0131 bir oto tamircisine b\u0131rakt\u0131\u011f\u0131 tespit edildi. Ele ge\u00e7irilen ara\u00e7 \u00fczerinde Olay Yeri \u0130nceleme Timi taraf\u0131ndan inceleme yap\u0131l\u0131rken, \u015f\u00fcpheli s\u00fcr\u00fcc\u00fc g\u00f6zalt\u0131na al\u0131nd\u0131. Jandarmadaki i\u015flemlerinin ard\u0131ndan B.U. adliyeye sevk edildi.<br \/><\/p>\n","protected":false},"excerpt":{"rendered":"<p>Ayd\u0131n\u2019\u0131n \u0130ncirliova il\u00e7esi Erbeyli Mahallesi\u2019nde meydana gelen trafik kazas\u0131nda hayat\u0131n\u0131 kaybeden motosiklet s\u00fcr\u00fcc\u00fcs\u00fcn\u00fcn \u00f6l\u00fcm\u00fcne neden olan ara\u00e7 s\u00fcr\u00fcc\u00fcs\u00fc, jandarma ekiplerinin titiz \u00e7al\u0131\u015fmas\u0131yla tespit edilerek yakaland\u0131. Kaza, \u0130ncirliova-Germencik Karayolu \u00fczerinde meydana geldi. Edinilen bilgiye g\u00f6re, 09 ABP 956 plakal\u0131 motosikletiyle seyir halindeyken kazaya kar\u0131\u015fan Selim Erta\u015f (44), olay yerinde hayat\u0131n\u0131 kaybetti. Olay\u0131n ard\u0131ndan harekete ge\u00e7en \u0130ncirliova&#8230;<\/p>\n","protected":false},"author":1,"featured_media":46040,"comment_status":"open","ping_status":"open","sticky":false,"template":"","format":"standard","meta":{"_crdt_document":"","footnotes":""},"categories":[5],"tags":[],"class_list":["post-46039","post","type-post","status-publish","format-standard","has-post-thumbnail","hentry","category-asayis"],"_links":{"self":[{"href":"https:\/\/www.egemtv.com\/index.php?rest_route=\/wp\/v2\/posts\/46039","targetHints":{"allow":["GET"]}}],"collection":[{"href":"https:\/\/www.egemtv.com\/index.php?rest_route=\/wp\/v2\/posts"}],"about":[{"href":"https:\/\/www.egemtv.com\/index.php?rest_route=\/wp\/v2\/types\/post"}],"author":[{"embeddable":true,"href":"https:\/\/www.egemtv.com\/index.php?rest_route=\/wp\/v2\/users\/1"}],"replies":[{"embeddable":true,"href":"https:\/\/www.egemtv.com\/index.php?rest_route=%2Fwp%2Fv2%2Fcomments&post=46039"}],"version-history":[{"count":1,"href":"https:\/\/www.egemtv.com\/index.php?rest_route=\/wp\/v2\/posts\/46039\/revisions"}],"predecessor-version":[{"id":46041,"href":"https:\/\/www.egemtv.com\/index.php?rest_route=\/wp\/v2\/posts\/46039\/revisions\/46041"}],"wp:featuredmedia":[{"embeddable":true,"href":"https:\/\/www.egemtv.com\/index.php?rest_route=\/wp\/v2\/media\/46040"}],"wp:attachment":[{"href":"https:\/\/www.egemtv.com\/index.php?rest_route=%2Fwp%2Fv2%2Fmedia&parent=46039"}],"wp:term":[{"taxonomy":"category","embeddable":true,"href":"https:\/\/www.egemtv.com\/index.php?rest_route=%2Fwp%2Fv2%2Fcategories&post=46039"},{"taxonomy":"post_tag","embeddable":true,"href":"https:\/\/www.egemtv.com\/index.php?rest_route=%2Fwp%2Fv2%2Ftags&post=46039"}],"curies":[{"name":"wp","href":"https:\/\/api.w.org\/{rel}","templated":true}]}}