{"id":46036,"date":"2025-08-01T11:14:47","date_gmt":"2025-08-01T08:14:47","guid":{"rendered":"https:\/\/www.egemtv.com\/?p=46036"},"modified":"2025-08-01T11:14:48","modified_gmt":"2025-08-01T08:14:48","slug":"bodrum-fkda-yonetim-degisti-hedef-yeniden-super-lig","status":"publish","type":"post","link":"https:\/\/www.egemtv.com\/?p=46036","title":{"rendered":"Bodrum FK\u2019da y\u00f6netim de\u011fi\u015fti, hedef yeniden s\u00fcper lig"},"content":{"rendered":"<p>Trendyol 1. Lig ekiplerinden Bodrum FK, 2025-2026 sezonu \u00f6ncesinde 34 ki\u015filik yeni y\u00f6netim kurulunu duyurdu. S\u00fcper Lig hedefini yineleyen ye\u015fil-beyazl\u0131 kul\u00fcp, &#8220;kenetlenmi\u015f bir aile&#8221; vurgusuyla yola \u00e7\u0131kt\u0131.<\/p>\n<p>Ge\u00e7ti\u011fimiz sezon tarihinde ilk kez m\u00fccadele etti\u011fi S\u00fcper Lig\u2019e tek sezonluk bir maceran\u0131n ard\u0131ndan veda eden Bodrum FK, yeni d\u00f6neme hem kurumsal hem de sportif anlamda g\u00fc\u00e7l\u00fc bir yap\u0131yla ba\u015flamak istiyor. Ba\u015fkan A\u015fk\u0131n Demir liderli\u011finde belirlenen 34 ki\u015filik yeni y\u00f6netim, g\u00f6rev da\u011f\u0131l\u0131m\u0131yla birlikte kamuoyuna tan\u0131t\u0131ld\u0131. Kul\u00fcp, &#8220;kararl\u0131, dinamik ve sorumlu&#8221; y\u00f6netimiyle yeniden zirveye y\u00fcr\u00fcyeceklerinin sinyalini verdi.<\/p>\n<p>Onursal Ba\u015fkan Fikret \u00d6zt\u00fcrk\u2019\u00fcn deste\u011fini arkas\u0131na alan Ba\u015fkan A\u015fk\u0131n Demir\u2019in ekibinde Ba\u015fkan Vekilli\u011fine Selahattin Polat getirilirken, Polat ayn\u0131 zamanda TFF ve resmi kurumlarla ili\u015fkilerden sorumlu oldu. TFF ili\u015fkileri alan\u0131nda bir di\u011fer yetkili de Ba\u015fkan Yard\u0131mc\u0131s\u0131 Taner Ankara oldu.<\/p>\n<p>Mehmet Kocadon, yerel y\u00f6netimler ve STK ili\u015fkilerini y\u00fcr\u00fctecek. Abdurrahman Tar\u0131k \u015eebik, Seha Ergene, Do\u011fan Polat ve Abdullah K\u0131rk\u0131nc\u0131o\u011flu ise kamu kurumlar\u0131 ve yat\u0131r\u0131mlardan sorumlu olarak g\u00f6rev ald\u0131.<\/p>\n<p>Kul\u00fcb\u00fcn sponsorluk, reklam ve pazarlama \u00e7al\u0131\u015fmalar\u0131n\u0131 Onur Talay, Kanat Hasan \u00d6zsert, Abdullah Engin Ba\u015fol, Orhan Din\u00e7, \u00d6mer Faruk Dengiz ve Ak\u0131n K\u0131lavuz \u00fcstlenirken; mali ve idari i\u015fler \u0130smail Erdo\u011fan\u2019a, taraftar y\u00f6netimi ise Caner Tuna\u2019ya emanet edildi.<\/p>\n<p>Murat Kaya hukuk i\u015flerinden, Yi\u011fit Demir ve Nuran Ta\u015fhan kurumsal ileti\u015fim ve insan kaynaklar\u0131ndan sorumlu olacak. Sosyal sorumluluk projeleri Tayyar G\u00fcndo\u011fan ve Hasan Polat taraf\u0131ndan y\u00fcr\u00fct\u00fclecek. Sportif i\u015fler, transfer ve futbolcu ili\u015fkileri Servet \u00c7avu\u015fo\u011flu\u2019na devredildi.<\/p>\n<p>Altyap\u0131 yap\u0131lanmas\u0131nda Batuhan Ankara, Can \u00d6zt\u00fcz\u00fcn ve Da\u011flarca \u00c7a\u011flar g\u00f6rev ald\u0131. Stadyum ve tesisler S\u00fcleyman Nafiz Tekg\u00fcl\u2019e teslim edilirken; y\u00f6netimde ayr\u0131ca Abdurrahman Tolga \u00c7elik, Yunus Terzio\u011flu, Murat Kavak, Mustafa Ak\u0131nc\u0131, Saim Sanl\u0131, Kamil Baki, Ahmet \u00c7elik ve Mehmet B\u00fcy\u00fck de yer ald\u0131.<br \/><\/p>\n","protected":false},"excerpt":{"rendered":"<p>Trendyol 1. Lig ekiplerinden Bodrum FK, 2025-2026 sezonu \u00f6ncesinde 34 ki\u015filik yeni y\u00f6netim kurulunu duyurdu. S\u00fcper Lig hedefini yineleyen ye\u015fil-beyazl\u0131 kul\u00fcp, &#8220;kenetlenmi\u015f bir aile&#8221; vurgusuyla yola \u00e7\u0131kt\u0131. Ge\u00e7ti\u011fimiz sezon tarihinde ilk kez m\u00fccadele etti\u011fi S\u00fcper Lig\u2019e tek sezonluk bir maceran\u0131n ard\u0131ndan veda eden Bodrum FK, yeni d\u00f6neme hem kurumsal hem de sportif anlamda g\u00fc\u00e7l\u00fc bir&#8230;<\/p>\n","protected":false},"author":1,"featured_media":46037,"comment_status":"open","ping_status":"open","sticky":false,"template":"","format":"standard","meta":{"_crdt_document":"","footnotes":""},"categories":[4],"tags":[],"class_list":["post-46036","post","type-post","status-publish","format-standard","has-post-thumbnail","hentry","category-spor"],"_links":{"self":[{"href":"https:\/\/www.egemtv.com\/index.php?rest_route=\/wp\/v2\/posts\/46036","targetHints":{"allow":["GET"]}}],"collection":[{"href":"https:\/\/www.egemtv.com\/index.php?rest_route=\/wp\/v2\/posts"}],"about":[{"href":"https:\/\/www.egemtv.com\/index.php?rest_route=\/wp\/v2\/types\/post"}],"author":[{"embeddable":true,"href":"https:\/\/www.egemtv.com\/index.php?rest_route=\/wp\/v2\/users\/1"}],"replies":[{"embeddable":true,"href":"https:\/\/www.egemtv.com\/index.php?rest_route=%2Fwp%2Fv2%2Fcomments&post=46036"}],"version-history":[{"count":1,"href":"https:\/\/www.egemtv.com\/index.php?rest_route=\/wp\/v2\/posts\/46036\/revisions"}],"predecessor-version":[{"id":46038,"href":"https:\/\/www.egemtv.com\/index.php?rest_route=\/wp\/v2\/posts\/46036\/revisions\/46038"}],"wp:featuredmedia":[{"embeddable":true,"href":"https:\/\/www.egemtv.com\/index.php?rest_route=\/wp\/v2\/media\/46037"}],"wp:attachment":[{"href":"https:\/\/www.egemtv.com\/index.php?rest_route=%2Fwp%2Fv2%2Fmedia&parent=46036"}],"wp:term":[{"taxonomy":"category","embeddable":true,"href":"https:\/\/www.egemtv.com\/index.php?rest_route=%2Fwp%2Fv2%2Fcategories&post=46036"},{"taxonomy":"post_tag","embeddable":true,"href":"https:\/\/www.egemtv.com\/index.php?rest_route=%2Fwp%2Fv2%2Ftags&post=46036"}],"curies":[{"name":"wp","href":"https:\/\/api.w.org\/{rel}","templated":true}]}}