{"id":46033,"date":"2025-08-01T11:14:46","date_gmt":"2025-08-01T08:14:46","guid":{"rendered":"https:\/\/www.egemtv.com\/?p=46033"},"modified":"2025-08-01T11:14:47","modified_gmt":"2025-08-01T08:14:47","slug":"emirdagda-ciftcileri-rahatlatacak-sistem-kuruldu","status":"publish","type":"post","link":"https:\/\/www.egemtv.com\/?p=46033","title":{"rendered":"Emirda\u011f\u2019da \u00e7ift\u00e7ileri rahatlatacak sistem kuruldu"},"content":{"rendered":"<p>Afyonkarahisar \u0130l Tar\u0131m ve Orman M\u00fcd\u00fcrl\u00fc\u011f\u00fc taraf\u0131ndan haz\u0131rlanan proje ile Emirda\u011f il\u00e7esine tahmin ve erken uyar\u0131 sistemi kuruldu.<br \/>\n<br \/>Kurulan bu yeni cihazla birlikte il genelindeki tahmin cihaz\u0131 say\u0131s\u0131 15\u2019e ula\u015ft\u0131. \u0130lk olarak meyvecilik ve patates \u00fcretim alanlar\u0131nda kullan\u0131lmak \u00fczere \u00e7e\u015fitli il\u00e7elere yerle\u015ftirilen 14 cihaz\u0131n ard\u0131ndan, Emirda\u011f\u2019daki sistem \u00f6zellikle tohumluk ve yemeklik patates \u00fcretim alanlar\u0131nda hastal\u0131k takibi ve iklim verilerinin izlenmesini sa\u011flayacak.<br \/>\n<br \/>Tahmin ve erken uyar\u0131 sistemi bitkisel \u00fcretimde hastal\u0131k ve zararl\u0131 organizmalara kar\u015f\u0131 do\u011fru zamanda m\u00fcdahale edilmesini m\u00fcmk\u00fcn k\u0131l\u0131yor. Cihaz arac\u0131l\u0131\u011f\u0131yla arazi \u015fartlar\u0131nda hava ve toprak s\u0131cakl\u0131\u011f\u0131, nem oran\u0131, ya\u011f\u0131\u015f miktar\u0131, yaprak \u0131slakl\u0131\u011f\u0131, r\u00fczgar, bas\u0131n\u00e7 ve kar \u00f6l\u00e7\u00fcmleri yap\u0131labiliyor.<br \/>\n<br \/>Afyonkarahisar \u0130l Tar\u0131m ve Orman M\u00fcd\u00fcrl\u00fc\u011f\u00fc sosyal medyadan yapt\u0131\u011f\u0131 a\u00e7\u0131klamada &#8220;Sistemin hastal\u0131k ve zararl\u0131larla m\u00fccadelede \u00fcreticiye zaman ve kaynak tasarrufu sa\u011flayacak. B\u00f6ylelikle \u00fcreticimizin mahsulde kayb\u0131 daha aza inecek&#8221; ifadelerine yer verildi.<br \/><\/p>\n","protected":false},"excerpt":{"rendered":"<p>Afyonkarahisar \u0130l Tar\u0131m ve Orman M\u00fcd\u00fcrl\u00fc\u011f\u00fc taraf\u0131ndan haz\u0131rlanan proje ile Emirda\u011f il\u00e7esine tahmin ve erken uyar\u0131 sistemi kuruldu. Kurulan bu yeni cihazla birlikte il genelindeki tahmin cihaz\u0131 say\u0131s\u0131 15\u2019e ula\u015ft\u0131. \u0130lk olarak meyvecilik ve patates \u00fcretim alanlar\u0131nda kullan\u0131lmak \u00fczere \u00e7e\u015fitli il\u00e7elere yerle\u015ftirilen 14 cihaz\u0131n ard\u0131ndan, Emirda\u011f\u2019daki sistem \u00f6zellikle tohumluk ve yemeklik patates \u00fcretim alanlar\u0131nda hastal\u0131k&#8230;<\/p>\n","protected":false},"author":1,"featured_media":46034,"comment_status":"open","ping_status":"open","sticky":false,"template":"","format":"standard","meta":{"_crdt_document":"","footnotes":""},"categories":[1],"tags":[],"class_list":["post-46033","post","type-post","status-publish","format-standard","has-post-thumbnail","hentry","category-guncel"],"_links":{"self":[{"href":"https:\/\/www.egemtv.com\/index.php?rest_route=\/wp\/v2\/posts\/46033","targetHints":{"allow":["GET"]}}],"collection":[{"href":"https:\/\/www.egemtv.com\/index.php?rest_route=\/wp\/v2\/posts"}],"about":[{"href":"https:\/\/www.egemtv.com\/index.php?rest_route=\/wp\/v2\/types\/post"}],"author":[{"embeddable":true,"href":"https:\/\/www.egemtv.com\/index.php?rest_route=\/wp\/v2\/users\/1"}],"replies":[{"embeddable":true,"href":"https:\/\/www.egemtv.com\/index.php?rest_route=%2Fwp%2Fv2%2Fcomments&post=46033"}],"version-history":[{"count":1,"href":"https:\/\/www.egemtv.com\/index.php?rest_route=\/wp\/v2\/posts\/46033\/revisions"}],"predecessor-version":[{"id":46035,"href":"https:\/\/www.egemtv.com\/index.php?rest_route=\/wp\/v2\/posts\/46033\/revisions\/46035"}],"wp:featuredmedia":[{"embeddable":true,"href":"https:\/\/www.egemtv.com\/index.php?rest_route=\/wp\/v2\/media\/46034"}],"wp:attachment":[{"href":"https:\/\/www.egemtv.com\/index.php?rest_route=%2Fwp%2Fv2%2Fmedia&parent=46033"}],"wp:term":[{"taxonomy":"category","embeddable":true,"href":"https:\/\/www.egemtv.com\/index.php?rest_route=%2Fwp%2Fv2%2Fcategories&post=46033"},{"taxonomy":"post_tag","embeddable":true,"href":"https:\/\/www.egemtv.com\/index.php?rest_route=%2Fwp%2Fv2%2Ftags&post=46033"}],"curies":[{"name":"wp","href":"https:\/\/api.w.org\/{rel}","templated":true}]}}