{"id":46030,"date":"2025-08-01T10:55:42","date_gmt":"2025-08-01T07:55:42","guid":{"rendered":"https:\/\/www.egemtv.com\/?p=46030"},"modified":"2025-08-01T10:55:43","modified_gmt":"2025-08-01T07:55:43","slug":"bassavci-patlak-goreve-basladi","status":"publish","type":"post","link":"https:\/\/www.egemtv.com\/?p=46030","title":{"rendered":"Ba\u015fsavc\u0131 Patlak g\u00f6reve ba\u015flad\u0131"},"content":{"rendered":"<p>Hakimler ve Savc\u0131lar Kurulu\u2019nun (HSYK) 2025 y\u0131l\u0131 Ana Kararnamesi ile Afyonkarahisar Cumhuriyet Ba\u015fsavc\u0131l\u0131\u011f\u0131na atanan Cumhuriyet Ba\u015fsavc\u0131s\u0131 Mehmet Patlak, g\u00f6revine ba\u015flad\u0131.<br \/>\n<br \/>Kararname \u00e7er\u00e7evesinde Rize Cumhuriyet Ba\u015fsavc\u0131l\u0131\u011f\u0131 g\u00f6revinden Afyonkarahisar\u2019a atanan Ba\u015fsavc\u0131 Patlak\u2019a ilk hay\u0131rl\u0131 olsun ziyareti, Afyonkarahisar Valisi Do\u00e7. Dr. K\u00fcbra G\u00fcran Yi\u011fitba\u015f\u0131 taraf\u0131ndan ger\u00e7ekle\u015ftirildi. Ziyarette Vali Yi\u011fitba\u015f\u0131, yeni g\u00f6revinde Ba\u015fsavc\u0131 Parlak\u2019a ba\u015far\u0131lar dileyerek adalet hizmetlerinin etkin ve h\u0131zl\u0131 bir \u015fekilde y\u00fcr\u00fct\u00fclmesi konusunda iyi dileklerini iletti. Ziyaret s\u0131ras\u0131nda, Afyonkarahisar\u2019\u0131n yarg\u0131 hizmetleri ve g\u00fcvenlik alan\u0131ndaki genel durumu hakk\u0131nda kar\u015f\u0131l\u0131kl\u0131 de\u011ferlendirmelerde bulunuldu.<br \/><\/p>\n","protected":false},"excerpt":{"rendered":"<p>Hakimler ve Savc\u0131lar Kurulu\u2019nun (HSYK) 2025 y\u0131l\u0131 Ana Kararnamesi ile Afyonkarahisar Cumhuriyet Ba\u015fsavc\u0131l\u0131\u011f\u0131na atanan Cumhuriyet Ba\u015fsavc\u0131s\u0131 Mehmet Patlak, g\u00f6revine ba\u015flad\u0131. Kararname \u00e7er\u00e7evesinde Rize Cumhuriyet Ba\u015fsavc\u0131l\u0131\u011f\u0131 g\u00f6revinden Afyonkarahisar\u2019a atanan Ba\u015fsavc\u0131 Patlak\u2019a ilk hay\u0131rl\u0131 olsun ziyareti, Afyonkarahisar Valisi Do\u00e7. Dr. K\u00fcbra G\u00fcran Yi\u011fitba\u015f\u0131 taraf\u0131ndan ger\u00e7ekle\u015ftirildi. Ziyarette Vali Yi\u011fitba\u015f\u0131, yeni g\u00f6revinde Ba\u015fsavc\u0131 Parlak\u2019a ba\u015far\u0131lar dileyerek adalet hizmetlerinin etkin&#8230;<\/p>\n","protected":false},"author":1,"featured_media":46031,"comment_status":"open","ping_status":"open","sticky":false,"template":"","format":"standard","meta":{"_crdt_document":"","footnotes":""},"categories":[1],"tags":[],"class_list":["post-46030","post","type-post","status-publish","format-standard","has-post-thumbnail","hentry","category-guncel"],"_links":{"self":[{"href":"https:\/\/www.egemtv.com\/index.php?rest_route=\/wp\/v2\/posts\/46030","targetHints":{"allow":["GET"]}}],"collection":[{"href":"https:\/\/www.egemtv.com\/index.php?rest_route=\/wp\/v2\/posts"}],"about":[{"href":"https:\/\/www.egemtv.com\/index.php?rest_route=\/wp\/v2\/types\/post"}],"author":[{"embeddable":true,"href":"https:\/\/www.egemtv.com\/index.php?rest_route=\/wp\/v2\/users\/1"}],"replies":[{"embeddable":true,"href":"https:\/\/www.egemtv.com\/index.php?rest_route=%2Fwp%2Fv2%2Fcomments&post=46030"}],"version-history":[{"count":1,"href":"https:\/\/www.egemtv.com\/index.php?rest_route=\/wp\/v2\/posts\/46030\/revisions"}],"predecessor-version":[{"id":46032,"href":"https:\/\/www.egemtv.com\/index.php?rest_route=\/wp\/v2\/posts\/46030\/revisions\/46032"}],"wp:featuredmedia":[{"embeddable":true,"href":"https:\/\/www.egemtv.com\/index.php?rest_route=\/wp\/v2\/media\/46031"}],"wp:attachment":[{"href":"https:\/\/www.egemtv.com\/index.php?rest_route=%2Fwp%2Fv2%2Fmedia&parent=46030"}],"wp:term":[{"taxonomy":"category","embeddable":true,"href":"https:\/\/www.egemtv.com\/index.php?rest_route=%2Fwp%2Fv2%2Fcategories&post=46030"},{"taxonomy":"post_tag","embeddable":true,"href":"https:\/\/www.egemtv.com\/index.php?rest_route=%2Fwp%2Fv2%2Ftags&post=46030"}],"curies":[{"name":"wp","href":"https:\/\/api.w.org\/{rel}","templated":true}]}}