{"id":46027,"date":"2025-08-01T10:55:41","date_gmt":"2025-08-01T07:55:41","guid":{"rendered":"https:\/\/www.egemtv.com\/?p=46027"},"modified":"2025-08-01T10:55:42","modified_gmt":"2025-08-01T07:55:42","slug":"oludenizde-yuzerken-yaralanan-vatandasa-sahil-guvenlik-ten-tibbi-tahliye","status":"publish","type":"post","link":"https:\/\/www.egemtv.com\/?p=46027","title":{"rendered":"\u00d6l\u00fcdeniz\u2019de y\u00fczerken yaralanan vatanda\u015fa Sahil G\u00fcvenlik \u2018ten t\u0131bbi tahliye"},"content":{"rendered":"<p>Mu\u011fla\u2019n\u0131n Fethiye il\u00e7esi \u00d6l\u00fcdeniz sahilinde y\u00fczerken yaralanan vatanda\u015f Sahil G\u00fcvenlik ekipleri taraf\u0131ndan t\u0131bbi tahliyesi ger\u00e7ekle\u015ftirildi.<br \/>\n<br \/>Fethiye \u00d6l\u00fcdeniz sahilinde y\u00fczerken yaralanan vatanda\u015f\u0131n yaralanmas\u0131 \u00fczerine yard\u0131m \u00e7a\u011fr\u0131s\u0131 yap\u0131ld\u0131. Yap\u0131lan yard\u0131m \u00e7a\u011fr\u0131s\u0131 sonras\u0131 Sahil G\u00fcvenlik botu taraf\u0131ndan yaralanan vatanda\u015f\u0131n t\u0131bbi tahliyesi ger\u00e7ekle\u015ftirilerek 112 ambulans ekiplerine teslim edildi.<br \/><\/p>\n","protected":false},"excerpt":{"rendered":"<p>Mu\u011fla\u2019n\u0131n Fethiye il\u00e7esi \u00d6l\u00fcdeniz sahilinde y\u00fczerken yaralanan vatanda\u015f Sahil G\u00fcvenlik ekipleri taraf\u0131ndan t\u0131bbi tahliyesi ger\u00e7ekle\u015ftirildi. Fethiye \u00d6l\u00fcdeniz sahilinde y\u00fczerken yaralanan vatanda\u015f\u0131n yaralanmas\u0131 \u00fczerine yard\u0131m \u00e7a\u011fr\u0131s\u0131 yap\u0131ld\u0131. Yap\u0131lan yard\u0131m \u00e7a\u011fr\u0131s\u0131 sonras\u0131 Sahil G\u00fcvenlik botu taraf\u0131ndan yaralanan vatanda\u015f\u0131n t\u0131bbi tahliyesi ger\u00e7ekle\u015ftirilerek 112 ambulans ekiplerine teslim edildi.<\/p>\n","protected":false},"author":1,"featured_media":46028,"comment_status":"open","ping_status":"open","sticky":false,"template":"","format":"standard","meta":{"_crdt_document":"","footnotes":""},"categories":[2],"tags":[],"class_list":["post-46027","post","type-post","status-publish","format-standard","has-post-thumbnail","hentry","category-saglik"],"_links":{"self":[{"href":"https:\/\/www.egemtv.com\/index.php?rest_route=\/wp\/v2\/posts\/46027","targetHints":{"allow":["GET"]}}],"collection":[{"href":"https:\/\/www.egemtv.com\/index.php?rest_route=\/wp\/v2\/posts"}],"about":[{"href":"https:\/\/www.egemtv.com\/index.php?rest_route=\/wp\/v2\/types\/post"}],"author":[{"embeddable":true,"href":"https:\/\/www.egemtv.com\/index.php?rest_route=\/wp\/v2\/users\/1"}],"replies":[{"embeddable":true,"href":"https:\/\/www.egemtv.com\/index.php?rest_route=%2Fwp%2Fv2%2Fcomments&post=46027"}],"version-history":[{"count":1,"href":"https:\/\/www.egemtv.com\/index.php?rest_route=\/wp\/v2\/posts\/46027\/revisions"}],"predecessor-version":[{"id":46029,"href":"https:\/\/www.egemtv.com\/index.php?rest_route=\/wp\/v2\/posts\/46027\/revisions\/46029"}],"wp:featuredmedia":[{"embeddable":true,"href":"https:\/\/www.egemtv.com\/index.php?rest_route=\/wp\/v2\/media\/46028"}],"wp:attachment":[{"href":"https:\/\/www.egemtv.com\/index.php?rest_route=%2Fwp%2Fv2%2Fmedia&parent=46027"}],"wp:term":[{"taxonomy":"category","embeddable":true,"href":"https:\/\/www.egemtv.com\/index.php?rest_route=%2Fwp%2Fv2%2Fcategories&post=46027"},{"taxonomy":"post_tag","embeddable":true,"href":"https:\/\/www.egemtv.com\/index.php?rest_route=%2Fwp%2Fv2%2Ftags&post=46027"}],"curies":[{"name":"wp","href":"https:\/\/api.w.org\/{rel}","templated":true}]}}