{"id":46024,"date":"2025-08-01T10:55:40","date_gmt":"2025-08-01T07:55:40","guid":{"rendered":"https:\/\/www.egemtv.com\/?p=46024"},"modified":"2025-08-01T10:55:41","modified_gmt":"2025-08-01T07:55:41","slug":"canakkale-bogazini-45inde-yuzerek-gecti-universiteyi-51inde-birincilikle-bitirdi","status":"publish","type":"post","link":"https:\/\/www.egemtv.com\/?p=46024","title":{"rendered":"\u00c7anakkale Bo\u011faz\u0131\u2019n\u0131 45\u2019inde y\u00fczerek ge\u00e7ti, \u00fcniversiteyi 51\u2019inde birincilikle bitirdi"},"content":{"rendered":"<p>Ya\u015far \u00dcniversitesi 2024-2025 y\u0131l\u0131 mezuniyet t\u00f6reni b\u00fcy\u00fck bir co\u015fkuyla ger\u00e7ekle\u015ftirildi. 45 ya\u015f\u0131nda \u00c7anakkale Bo\u011faz\u0131\u2019n\u0131 y\u00fczerek ge\u00e7en Asl\u0131 N\u00fcshet Ke\u00e7elio\u011flu, 51 ya\u015f\u0131nda \u00fcniversiteyi de birincilikle bitirerek azminin simgesi oldu.<br \/>\n<br \/>Ya\u015far \u00dcniversitesi, 2024-2025 akademik y\u0131l\u0131 mezuniyet t\u00f6renleri Bornova A\u015f\u0131k Veysel Amfi Tiyatrosu\u2019nda yap\u0131ld\u0131. Fak\u00fclte, y\u00fcksekokul ve enstit\u00fclerden mezun olan \u00f6\u011frenciler keplerini havaya atarak, yeni hayatlar\u0131na \u2019merhaba\u2019 dedi. \u00dcniversiteyi bitirmenin mutlulu\u011funun ya\u015fand\u0131\u011f\u0131 mezuniyet t\u00f6renlerinde, bin 145 \u00f6\u011frenci keplerini havaya att\u0131. Ya\u015far \u00dcniversitesi birincisi, Meslek Y\u00fcksekokulu Turizm Rehberli\u011fi B\u00f6l\u00fcm\u00fc mezunu Asl\u0131 N\u00fcshet Ke\u00e7elio\u011flu (51), ba\u015far\u0131l\u0131 bir mesleki kariyerden sonra yeniden \u00fcniversiteye d\u00f6n\u00fc\u015f\u00fcn\u00fc ve kat\u0131ld\u0131\u011f\u0131 \u00e7e\u015fitli y\u00fczme yar\u0131\u015flar\u0131ndaki ba\u015far\u0131lar\u0131n\u0131n hikayesini anlatt\u0131. Ayr\u0131ca, Ya\u015far \u00dcniversitesi Tar\u0131m Bilimleri ve Teknoloji Fak\u00fcltesi, ilk mezununu bu y\u0131l verdi. Ecenaz Soysal, Tar\u0131m Ekonomisi B\u00f6l\u00fcm\u00fc\u2019nden mezun olan ilk \u00f6\u011frenci oldu.<br \/>\n<br \/>M\u00fctevelli Heyeti Ba\u015fkan\u0131 Ahmet Yi\u011fitba\u015f\u0131 a\u00e7\u0131l\u0131\u015f konu\u015fmas\u0131nda, mezunlara ve ailelere seslenerek, &#8220;Adaletli, sayg\u0131l\u0131, \u00fcretken ve ele\u015ftirel d\u00fc\u015f\u00fcnebilen bireyler olarak hem \u00fclkemizin hem de insanl\u0131\u011f\u0131n gelece\u011finde s\u00f6z sahibi olaca\u011f\u0131n\u0131za y\u00fcrekten inan\u0131yorum. Kurucumuz ve Ebedi Onursal Ba\u015fkan\u0131m\u0131z Sel\u00e7uk Ya\u015far\u2019\u0131n, \u2019\u0130yi insan olmak, her \u015feyden \u00f6nce gelir\u2019 s\u00f6z\u00fc de yolunuzu ayd\u0131nlatan en sa\u011flam pusulan\u0131z olsun. \u00dcniversitemizin uluslararas\u0131 akademik itibar\u0131; y\u00fcksek\u00f6\u011fretim alan\u0131nda d\u00fcnyan\u0131n en sayg\u0131n derecelendirme kurulu\u015flar\u0131ndan biri olan Times Higher Education taraf\u0131ndan bir kez daha tescillendi. Bu prestijli s\u0131ralamalarda yer almak, \u00fcniversitemizin kaliteli e\u011fitimi, g\u00fc\u00e7l\u00fc ara\u015ft\u0131rma altyap\u0131s\u0131 ve topluma katk\u0131 vizyonuyla d\u00fcnya \u00fcniversiteleri aras\u0131nda sayg\u0131n bir konuma ula\u015ft\u0131\u011f\u0131n\u0131 g\u00f6stermektedir. Ayr\u0131ca, D\u00fcnya \u00dcniversite S\u0131ralamas\u0131nda Ege B\u00f6lgesindeki t\u00fcm \u00fcniversiteler aras\u0131nda birincili\u011fimizle bu ba\u015far\u0131y\u0131 ta\u00e7land\u0131rd\u0131k. B\u00fct\u00fcn \u00e7al\u0131\u015fma arkada\u015flar\u0131ma y\u00fcrekten te\u015fekk\u00fcr ediyorum. B\u00fcy\u00fck \u00d6nder Mustafa Kemal Atat\u00fcrk\u2019\u00fcn izinde, akl\u0131n ve bilimin \u0131\u015f\u0131\u011f\u0131nda y\u00fcr\u00fcyen bireyler olarak, yar\u0131nlar\u0131 sizler in\u015fa edeceksiniz. Bu ailenin bir par\u00e7as\u0131 oldu\u011funuzu daima hat\u0131rlay\u0131n. Bu aidiyetin g\u00fcc\u00fc, zor zamanlarda size destek; g\u00fc\u00e7l\u00fc anlarda ise size y\u00f6n verecektir. I\u015f\u0131\u011f\u0131n\u0131z\u0131 koruyun, yolunuzu bilgiyle, de\u011ferle ve cesaretle ayd\u0131nlat\u0131n&#8221; dedi.<br \/>\n<br \/>Sel\u00e7uk Ya\u015far Kamp\u00fcs\u00fc\u2019ndeki yeni e\u011fitim binas\u0131 hakk\u0131nda bilgi veren Yi\u011fitba\u015f\u0131, \u015funlar\u0131 s\u00f6yledi: &#8220;Kamp\u00fcs\u00fcm\u00fczde y\u00fcr\u00fctt\u00fc\u011f\u00fcm\u00fcz yap\u0131lanma \u00e7al\u0131\u015fmalar\u0131 kapsam\u0131nda yeni e\u011fitim binam\u0131z, 3 ay sonra \u00f6n\u00fcm\u00fczdeki akademik y\u0131lda hizmete a\u00e7\u0131lacak. Modern ve geli\u015fmi\u015f s\u0131n\u0131flardan ileri teknoloji laboratuvarlara; \u00f6\u011frenci etkinlik alanlar\u0131ndan sosyal bulu\u015fma noktalar\u0131na kadar bir\u00e7ok imkan\u0131 bar\u0131nd\u0131racak bu yap\u0131, \u00f6\u011frencilerimize daha konforlu, \u00e7a\u011fda\u015f ve \u00fcretken bir \u00f6\u011frenme ortam\u0131 sunacak. T\u00fcm bu ad\u0131mlar, \u00fcniversitemizin fiziksel, akademik ve sosyal anlamda da g\u00fc\u00e7lenmesini sa\u011flayacak&#8221;<br \/>\n<br \/>Ya\u015far \u00dcniversitesi Rekt\u00f6r\u00fc Prof. Dr. Levent Kandiller ise &#8220;\u00d6\u011frencilerimize en iyi \u00f6\u011frenme imkan\u0131 sunarak, modern altyap\u0131m\u0131z ve uzman akademik kadromuzla onlar\u0131 gelece\u011fi d\u00f6n\u00fc\u015ft\u00fcrecek bireyler olarak yeti\u015ftirmek i\u00e7in elimizden gelenin en iyisini yapmaya \u00e7al\u0131\u015f\u0131yoruz. Bilim, birlik, ba\u015far\u0131 yolunda her daim desteklerini hissetti\u011fimiz, ba\u015fta Kurucumuz ve Ebedi Onursal Ba\u015fkan\u0131m\u0131z Sel\u00e7uk Ya\u015far\u2019\u0131 sayg\u0131yla an\u0131yoruz. Ya\u015far \u00dcniversitesi ailesi olarak, her zaman yan\u0131n\u0131zda olaca\u011f\u0131m\u0131z\u0131 ve ba\u015far\u0131lar\u0131n\u0131zla gurur duymaya devam edece\u011fimizi biliyorsunuz.  Hayat yolculu\u011funuzda, bundan sonra daha b\u00fcy\u00fck sorumluluklar \u00fcstleneceksiniz ama zorluklarla ba\u015fa \u00e7\u0131kmak i\u00e7in gereken bilgi ve yetkinliklere sahipsiniz. Ya\u015far \u00dcniversitesinin e\u011fitimli, \u00f6zg\u00fcvenli, etik ilkelere ba\u011fl\u0131, Mustafa Kemal Atat\u00fcrk\u2019\u00fcn \u00fclk\u00fcs\u00fcn\u00fc benimseyen 2025 mezunlar\u0131n\u0131 gururla selaml\u0131yor, ba\u015far\u0131larla dolu bir ya\u015fam ge\u00e7irmenizi diliyorum. Yolunuz a\u00e7\u0131k, baht\u0131n\u0131z ayd\u0131nl\u0131k olsun&#8221; diye konu\u015ftu.<\/p>\n<p>&#8220;Hayal kurmaktan, azimle y\u00fcr\u00fcmekten vazge\u00e7meyin&#8221;<br \/>\n<br \/>\u0130talya ve \u0130stanbul\u2019da ge\u00e7irdi\u011fi profesyonel \u00e7al\u0131\u015fma hayat\u0131ndan sonra Ya\u015far \u00dcniversitesi Meslek Y\u00fcksekokulu Turizm Rehberli\u011fi B\u00f6l\u00fcm\u00fc\u2019nde e\u011fitim g\u00f6r\u00fcp \u00fcniversite birincisi olarak mezun olan Asl\u0131 N\u00fcshet Ke\u00e7elio\u011flu, k\u00fcrs\u00fcde konu\u015fma yapt\u0131. Ke\u00e7elio\u011flu, &#8220;Bug\u00fcn, ikinci kariyerime ba\u015flarken bu k\u00fcrs\u00fcde sizlerle bulu\u015fmak tarif edilemez bir mutluluk, b\u00fcy\u00fck bir gurur ve hayat yolculu\u011fumun en anlaml\u0131 duraklar\u0131ndan biri. Hayat\u0131m\u0131n b\u00fcy\u00fck b\u00f6l\u00fcm\u00fcn\u00fc \u0130talya\u2019da ve \u0130stanbul\u2019da profesyonel hayat\u0131n kalbinde, yo\u011fun bir tempo ve m\u00fccadele i\u00e7inde ge\u00e7irdim. Kariyerinde belli bir noktaya gelmi\u015f biri olarak, yeniden \u00fcniversiteye d\u00f6nmek b\u00fcy\u00fck cesaret istiyordu. Ama bu yol yaln\u0131zca cesaret de\u011fil, ayn\u0131 zamanda azim, sab\u0131r ve inan\u00e7 da gerektiriyordu. Bu kararl\u0131l\u0131kla hem akademik ba\u015far\u0131 bursunu hem de sporcu bursunu almaya hak kazand\u0131m. Ve bug\u00fcn, 51 ya\u015f\u0131mda, \u00fcniversitemizin birincisi olman\u0131n gururunu ya\u015f\u0131yorum&#8221; dedi.<\/p>\n<p>&#8220;\u00c7anakkale Bo\u011faz\u0131\u2019n\u0131 y\u00fczerek ge\u00e7tim&#8221;<br \/>\n<br \/>\u00c7ocuklu\u011fumdan beri sporla ba\u011f kurdu\u011funu ve 45 ya\u015f\u0131nda \u00c7anakkale Bo\u011faz\u0131\u2019n\u0131 y\u00fczerek ge\u00e7ti\u011fini anlatan Ke\u00e7elio\u011flu, &#8220;Bu zorlu parkuru dereceyle tamamlamak hayat\u0131m\u0131n d\u00f6n\u00fcm noktalar\u0131ndan biri oldu. \u0130stanbul Bo\u011faz\u0131 ba\u015fta olmak \u00fczere, uluslararas\u0131 a\u00e7\u0131k su yar\u0131\u015flar\u0131nda \u00fcniversitemizi ba\u015far\u0131yla temsil etme \u015fans\u0131n\u0131 da yakalad\u0131m. Bug\u00fcn bu k\u00fcrs\u00fcdeyim ama asl\u0131nda, y\u0131llar \u00f6nce \u00c7anakkale\u2019de o sularda ya\u015fad\u0131\u011f\u0131m unutulmaz deneyimin ve atalar\u0131mdan ald\u0131\u011f\u0131m g\u00fcc\u00fcn \u00fcst\u00fcnde duruyorum. \u00c7\u00fcnk\u00fc oras\u0131 yaln\u0131zca bir yar\u0131\u015f de\u011fil; Mustafa Kemal Atat\u00fcrk\u2019\u00fcn miras\u0131n\u0131n ve \u015fanl\u0131 milletimizin ba\u011f\u0131ms\u0131zl\u0131k azminin simgesidir. Ve bu k\u00fcrs\u00fc yaln\u0131zca bir \u00fcniversite birincisinin konu\u015fma yapt\u0131\u011f\u0131 k\u00fcrs\u00fc de\u011fil; bir kad\u0131n\u0131n, bir y\u00fcz\u00fcc\u00fcn\u00fcn, bir hayal kurucunun ve asla vazge\u00e7meyenin durdu\u011fu yerdir&#8221; dedi.<br \/><\/p>\n","protected":false},"excerpt":{"rendered":"<p>Ya\u015far \u00dcniversitesi 2024-2025 y\u0131l\u0131 mezuniyet t\u00f6reni b\u00fcy\u00fck bir co\u015fkuyla ger\u00e7ekle\u015ftirildi. 45 ya\u015f\u0131nda \u00c7anakkale Bo\u011faz\u0131\u2019n\u0131 y\u00fczerek ge\u00e7en Asl\u0131 N\u00fcshet Ke\u00e7elio\u011flu, 51 ya\u015f\u0131nda \u00fcniversiteyi de birincilikle bitirerek azminin simgesi oldu. Ya\u015far \u00dcniversitesi, 2024-2025 akademik y\u0131l\u0131 mezuniyet t\u00f6renleri Bornova A\u015f\u0131k Veysel Amfi Tiyatrosu\u2019nda yap\u0131ld\u0131. Fak\u00fclte, y\u00fcksekokul ve enstit\u00fclerden mezun olan \u00f6\u011frenciler keplerini havaya atarak, yeni hayatlar\u0131na \u2019merhaba\u2019 dedi&#8230;.<\/p>\n","protected":false},"author":1,"featured_media":46025,"comment_status":"open","ping_status":"open","sticky":false,"template":"","format":"standard","meta":{"_crdt_document":"","footnotes":""},"categories":[1],"tags":[],"class_list":["post-46024","post","type-post","status-publish","format-standard","has-post-thumbnail","hentry","category-guncel"],"_links":{"self":[{"href":"https:\/\/www.egemtv.com\/index.php?rest_route=\/wp\/v2\/posts\/46024","targetHints":{"allow":["GET"]}}],"collection":[{"href":"https:\/\/www.egemtv.com\/index.php?rest_route=\/wp\/v2\/posts"}],"about":[{"href":"https:\/\/www.egemtv.com\/index.php?rest_route=\/wp\/v2\/types\/post"}],"author":[{"embeddable":true,"href":"https:\/\/www.egemtv.com\/index.php?rest_route=\/wp\/v2\/users\/1"}],"replies":[{"embeddable":true,"href":"https:\/\/www.egemtv.com\/index.php?rest_route=%2Fwp%2Fv2%2Fcomments&post=46024"}],"version-history":[{"count":1,"href":"https:\/\/www.egemtv.com\/index.php?rest_route=\/wp\/v2\/posts\/46024\/revisions"}],"predecessor-version":[{"id":46026,"href":"https:\/\/www.egemtv.com\/index.php?rest_route=\/wp\/v2\/posts\/46024\/revisions\/46026"}],"wp:featuredmedia":[{"embeddable":true,"href":"https:\/\/www.egemtv.com\/index.php?rest_route=\/wp\/v2\/media\/46025"}],"wp:attachment":[{"href":"https:\/\/www.egemtv.com\/index.php?rest_route=%2Fwp%2Fv2%2Fmedia&parent=46024"}],"wp:term":[{"taxonomy":"category","embeddable":true,"href":"https:\/\/www.egemtv.com\/index.php?rest_route=%2Fwp%2Fv2%2Fcategories&post=46024"},{"taxonomy":"post_tag","embeddable":true,"href":"https:\/\/www.egemtv.com\/index.php?rest_route=%2Fwp%2Fv2%2Ftags&post=46024"}],"curies":[{"name":"wp","href":"https:\/\/api.w.org\/{rel}","templated":true}]}}