{"id":46021,"date":"2025-08-01T10:34:59","date_gmt":"2025-08-01T07:34:59","guid":{"rendered":"https:\/\/www.egemtv.com\/?p=46021"},"modified":"2025-08-01T10:35:00","modified_gmt":"2025-08-01T07:35:00","slug":"aydinli-cocuklar-yaz-tatilini-muzikle-geciriyor","status":"publish","type":"post","link":"https:\/\/www.egemtv.com\/?p=46021","title":{"rendered":"Ayd\u0131nl\u0131 \u00e7ocuklar yaz tatilini m\u00fczikle ge\u00e7iriyor"},"content":{"rendered":"<p>Ayd\u0131n B\u00fcy\u00fck\u015fehir Belediyesi\u2019nin yaz kurslar\u0131 kapsam\u0131nda d\u00fczenledi\u011fi gitar e\u011fitimleri, m\u00fczi\u011fe ilgi duyan \u00e7ocuklara ve gen\u00e7lere sanatsal geli\u015fimlerini destekleyen keyifli bir ortam sunuyor.<\/p>\n<p>Klasikten moderne geni\u015f bir yelpazede ilerleyen e\u011fitimlerde Ayd\u0131nl\u0131 minikler, gitar\u0131n temel tekniklerini \u00f6\u011frenmenin yan\u0131 s\u0131ra m\u00fczi\u011fin evrensel diliyle tan\u0131\u015f\u0131yor.<\/p>\n<p>\u00dccretsiz olarak sunulan kurslarda \u00e7ocuklar notalarla ilk tan\u0131\u015fmalar\u0131n\u0131 yaparken, birlikte \u00e7alma ve \u00fcretme k\u00fclt\u00fcr\u00fcn\u00fc de deneyimliyor. Derslerde \u00f6\u011frenilen par\u00e7alar, gen\u00e7 yeteneklerin \u00f6zg\u00fcvenini art\u0131r\u0131rken, sanatla kurduklar\u0131 ba\u011f\u0131n g\u00fc\u00e7lenmesini sa\u011fl\u0131yor.<\/p>\n<p>Sanat\u0131n \u00e7ocuklar\u0131n geli\u015fiminde \u00f6nemli bir rol oynad\u0131\u011f\u0131n\u0131 vurgulayan Ayd\u0131n B\u00fcy\u00fck\u015fehir Belediye Ba\u015fkan\u0131 \u00d6zlem \u00c7er\u00e7io\u011flu, &#8220;Yaz kurslar\u0131m\u0131zla \u00e7ocuklar\u0131m\u0131z\u0131n hem yeni beceriler edinmesini hem de yaz tatillerini verimli ge\u00e7irmesini sa\u011fl\u0131yoruz. Gitar kurslar\u0131m\u0131z da \u00e7ocuklar\u0131m\u0131z\u0131n d\u00fcnyaya ba\u015fka bir pencereden bakmalar\u0131na katk\u0131 sunuyor. Ayd\u0131n\u2019da sanata eri\u015fim bir ayr\u0131cal\u0131k de\u011fil, her \u00e7ocu\u011fun hakk\u0131d\u0131r&#8221; dedi.<\/p>\n<p>Veliler ise yaz kurslar\u0131n\u0131n \u00e7ocuklar\u0131 i\u00e7in hem e\u011fitici hem de g\u00fcvenli bir ortam sundu\u011funu belirterek Ayd\u0131n B\u00fcy\u00fck\u015fehir Belediyesi\u2019ne ve Ba\u015fkan \u00c7er\u00e7io\u011flu\u2019na te\u015fekk\u00fcr etti.<br \/><\/p>\n","protected":false},"excerpt":{"rendered":"<p>Ayd\u0131n B\u00fcy\u00fck\u015fehir Belediyesi\u2019nin yaz kurslar\u0131 kapsam\u0131nda d\u00fczenledi\u011fi gitar e\u011fitimleri, m\u00fczi\u011fe ilgi duyan \u00e7ocuklara ve gen\u00e7lere sanatsal geli\u015fimlerini destekleyen keyifli bir ortam sunuyor. Klasikten moderne geni\u015f bir yelpazede ilerleyen e\u011fitimlerde Ayd\u0131nl\u0131 minikler, gitar\u0131n temel tekniklerini \u00f6\u011frenmenin yan\u0131 s\u0131ra m\u00fczi\u011fin evrensel diliyle tan\u0131\u015f\u0131yor. \u00dccretsiz olarak sunulan kurslarda \u00e7ocuklar notalarla ilk tan\u0131\u015fmalar\u0131n\u0131 yaparken, birlikte \u00e7alma ve \u00fcretme k\u00fclt\u00fcr\u00fcn\u00fc&#8230;<\/p>\n","protected":false},"author":1,"featured_media":46022,"comment_status":"open","ping_status":"open","sticky":false,"template":"","format":"standard","meta":{"_crdt_document":"","footnotes":""},"categories":[1],"tags":[],"class_list":["post-46021","post","type-post","status-publish","format-standard","has-post-thumbnail","hentry","category-guncel"],"_links":{"self":[{"href":"https:\/\/www.egemtv.com\/index.php?rest_route=\/wp\/v2\/posts\/46021","targetHints":{"allow":["GET"]}}],"collection":[{"href":"https:\/\/www.egemtv.com\/index.php?rest_route=\/wp\/v2\/posts"}],"about":[{"href":"https:\/\/www.egemtv.com\/index.php?rest_route=\/wp\/v2\/types\/post"}],"author":[{"embeddable":true,"href":"https:\/\/www.egemtv.com\/index.php?rest_route=\/wp\/v2\/users\/1"}],"replies":[{"embeddable":true,"href":"https:\/\/www.egemtv.com\/index.php?rest_route=%2Fwp%2Fv2%2Fcomments&post=46021"}],"version-history":[{"count":1,"href":"https:\/\/www.egemtv.com\/index.php?rest_route=\/wp\/v2\/posts\/46021\/revisions"}],"predecessor-version":[{"id":46023,"href":"https:\/\/www.egemtv.com\/index.php?rest_route=\/wp\/v2\/posts\/46021\/revisions\/46023"}],"wp:featuredmedia":[{"embeddable":true,"href":"https:\/\/www.egemtv.com\/index.php?rest_route=\/wp\/v2\/media\/46022"}],"wp:attachment":[{"href":"https:\/\/www.egemtv.com\/index.php?rest_route=%2Fwp%2Fv2%2Fmedia&parent=46021"}],"wp:term":[{"taxonomy":"category","embeddable":true,"href":"https:\/\/www.egemtv.com\/index.php?rest_route=%2Fwp%2Fv2%2Fcategories&post=46021"},{"taxonomy":"post_tag","embeddable":true,"href":"https:\/\/www.egemtv.com\/index.php?rest_route=%2Fwp%2Fv2%2Ftags&post=46021"}],"curies":[{"name":"wp","href":"https:\/\/api.w.org\/{rel}","templated":true}]}}