{"id":46018,"date":"2025-08-01T10:34:59","date_gmt":"2025-08-01T07:34:59","guid":{"rendered":"https:\/\/www.egemtv.com\/?p=46018"},"modified":"2025-08-01T10:34:59","modified_gmt":"2025-08-01T07:34:59","slug":"mustakil-ev-alevler-icinde-kaldi-aile-fertleri-kendilerini-camdan-disari-atarak-kurtardi","status":"publish","type":"post","link":"https:\/\/www.egemtv.com\/?p=46018","title":{"rendered":"M\u00fcstakil ev alevler i\u00e7inde kald\u0131, aile fertleri kendilerini camdan d\u0131\u015far\u0131 atarak kurtard\u0131"},"content":{"rendered":"<p>Denizli\u2019nin \u00c7ameli il\u00e7esinde sabah saatlerinde bir evde \u00e7\u0131kan yang\u0131n sonucu kullan\u0131lamaz hale gelirken yang\u0131n esnas\u0131nda aile fertlerinin durumu fark edip camdan d\u0131\u015far\u0131 \u00e7\u0131kmas\u0131 faciay\u0131 \u00f6nledi.<\/p>\n<p>Yang\u0131n, \u00c7ameli il\u00e7esi Arkaya Mahallesi Gebe\u00e7ay mevkiinde meydana geldi. Edinilen bilgilere g\u00f6re, sabah saatlerinde hen\u00fcz bilinmeyen nedenden \u00f6t\u00fcr\u00fc Ramazan Ergen\u2019e ait evde yang\u0131n \u00e7\u0131kt\u0131. Ev halk\u0131n\u0131n i\u00e7eride bulundu\u011fu s\u0131rada ba\u015flayan yang\u0131n, b\u00fcy\u00fck faciay\u0131 yol a\u00e7madan atlat\u0131ld\u0131. Evde bulunan aile bireyleri, yang\u0131n\u0131 fark eder etmez panikle pencereyi k\u0131rarak d\u0131\u015far\u0131 \u00e7\u0131kmaya ba\u015fard\u0131. \u00c7evredeki vatanda\u015flar\u0131n ihbar\u0131 \u00fczerine b\u00f6lgeye \u00e7ok say\u0131da itfaiye, jandarma ve sa\u011fl\u0131k ekipleri sevk edildi.<\/p>\n<p>B\u00f6lgeye gelen sa\u011fl\u0131k ekipleri son anda yang\u0131ndan kurtulan Ergen ailesini tedbir ama\u00e7l\u0131 m\u00fcdahalelerde bulundu. Yang\u0131n s\u0131ras\u0131nda so\u011fukkanl\u0131l\u0131kla hareket eden aile sakinleri, herhangi bir can kayb\u0131 ya\u015fanmadan kurtuldu. B\u00f6lgeye gelen itfaiye ekiplerin yo\u011fun \u00e7abas\u0131 sonucu yang\u0131n kontrol alt\u0131na al\u0131nd\u0131.<\/p>\n<p>Mahallede k\u0131sa s\u00fcreli pani\u011fe neden olan yang\u0131nda ev kullan\u0131lamaz hale geldi. Yang\u0131n ile ilgili soru\u015fturma ba\u015flat\u0131ld\u0131.<br \/><\/p>\n","protected":false},"excerpt":{"rendered":"<p>Denizli\u2019nin \u00c7ameli il\u00e7esinde sabah saatlerinde bir evde \u00e7\u0131kan yang\u0131n sonucu kullan\u0131lamaz hale gelirken yang\u0131n esnas\u0131nda aile fertlerinin durumu fark edip camdan d\u0131\u015far\u0131 \u00e7\u0131kmas\u0131 faciay\u0131 \u00f6nledi. Yang\u0131n, \u00c7ameli il\u00e7esi Arkaya Mahallesi Gebe\u00e7ay mevkiinde meydana geldi. Edinilen bilgilere g\u00f6re, sabah saatlerinde hen\u00fcz bilinmeyen nedenden \u00f6t\u00fcr\u00fc Ramazan Ergen\u2019e ait evde yang\u0131n \u00e7\u0131kt\u0131. Ev halk\u0131n\u0131n i\u00e7eride bulundu\u011fu s\u0131rada ba\u015flayan&#8230;<\/p>\n","protected":false},"author":1,"featured_media":46019,"comment_status":"open","ping_status":"open","sticky":false,"template":"","format":"standard","meta":{"_crdt_document":"","footnotes":""},"categories":[5],"tags":[],"class_list":["post-46018","post","type-post","status-publish","format-standard","has-post-thumbnail","hentry","category-asayis"],"_links":{"self":[{"href":"https:\/\/www.egemtv.com\/index.php?rest_route=\/wp\/v2\/posts\/46018","targetHints":{"allow":["GET"]}}],"collection":[{"href":"https:\/\/www.egemtv.com\/index.php?rest_route=\/wp\/v2\/posts"}],"about":[{"href":"https:\/\/www.egemtv.com\/index.php?rest_route=\/wp\/v2\/types\/post"}],"author":[{"embeddable":true,"href":"https:\/\/www.egemtv.com\/index.php?rest_route=\/wp\/v2\/users\/1"}],"replies":[{"embeddable":true,"href":"https:\/\/www.egemtv.com\/index.php?rest_route=%2Fwp%2Fv2%2Fcomments&post=46018"}],"version-history":[{"count":1,"href":"https:\/\/www.egemtv.com\/index.php?rest_route=\/wp\/v2\/posts\/46018\/revisions"}],"predecessor-version":[{"id":46020,"href":"https:\/\/www.egemtv.com\/index.php?rest_route=\/wp\/v2\/posts\/46018\/revisions\/46020"}],"wp:featuredmedia":[{"embeddable":true,"href":"https:\/\/www.egemtv.com\/index.php?rest_route=\/wp\/v2\/media\/46019"}],"wp:attachment":[{"href":"https:\/\/www.egemtv.com\/index.php?rest_route=%2Fwp%2Fv2%2Fmedia&parent=46018"}],"wp:term":[{"taxonomy":"category","embeddable":true,"href":"https:\/\/www.egemtv.com\/index.php?rest_route=%2Fwp%2Fv2%2Fcategories&post=46018"},{"taxonomy":"post_tag","embeddable":true,"href":"https:\/\/www.egemtv.com\/index.php?rest_route=%2Fwp%2Fv2%2Ftags&post=46018"}],"curies":[{"name":"wp","href":"https:\/\/api.w.org\/{rel}","templated":true}]}}