{"id":46012,"date":"2025-08-01T10:34:57","date_gmt":"2025-08-01T07:34:57","guid":{"rendered":"https:\/\/www.egemtv.com\/?p=46012"},"modified":"2025-08-01T10:34:58","modified_gmt":"2025-08-01T07:34:58","slug":"teror-orgutu-uyesi-cinede-yakalandi","status":"publish","type":"post","link":"https:\/\/www.egemtv.com\/?p=46012","title":{"rendered":"Ter\u00f6r \u00f6rg\u00fct\u00fc \u00fcyesi \u00c7ine\u2019de yakaland\u0131"},"content":{"rendered":"<p>Ayd\u0131n\u2019\u0131n \u00c7ine il\u00e7esinde jandarma ekipleri taraf\u0131ndan yap\u0131lan operasyonda hakk\u0131nda 6 y\u0131l 3 ay hapis cezas\u0131 bulunan ter\u00f6r \u00f6rg\u00fct\u00fc \u00fcyesi yakaland\u0131.<br \/>\n<br \/>Ayd\u0131n \u0130l Jandarma Komutanl\u0131\u011f\u0131 TEM ve \u0130stihbarat \u015eube M\u00fcd\u00fcrl\u00fc\u011f\u00fc ile \u00c7ine \u0130l\u00e7e Jandarma Komutanl\u0131\u011f\u0131nca ter\u00f6r su\u00e7undan aranan bir \u015fahs\u0131n yakalanmas\u0131na y\u00f6nelik koordineli \u00e7al\u0131\u015fma ba\u015flat\u0131ld\u0131. &#8220;Silahl\u0131 Ter\u00f6r \u00d6rg\u00fct\u00fcne \u00dcye Olma (FET\u00d6\/PDY)&#8221; su\u00e7undan aranan ve hakk\u0131nda 6 y\u0131l 3 ay kesinle\u015fmi\u015f hapis cezas\u0131 bulunan N.K. isimli \u015fah\u0131s \u00c7ine il\u00e7esinde operasyon ile yakaland\u0131.<br \/>\n<br \/>\u015eah\u0131s, adli makamlarca tutuklanmas\u0131na m\u00fcteakip Ceza \u0130nfaz Kurumuna teslim edildi.<br \/><\/p>\n","protected":false},"excerpt":{"rendered":"<p>Ayd\u0131n\u2019\u0131n \u00c7ine il\u00e7esinde jandarma ekipleri taraf\u0131ndan yap\u0131lan operasyonda hakk\u0131nda 6 y\u0131l 3 ay hapis cezas\u0131 bulunan ter\u00f6r \u00f6rg\u00fct\u00fc \u00fcyesi yakaland\u0131. Ayd\u0131n \u0130l Jandarma Komutanl\u0131\u011f\u0131 TEM ve \u0130stihbarat \u015eube M\u00fcd\u00fcrl\u00fc\u011f\u00fc ile \u00c7ine \u0130l\u00e7e Jandarma Komutanl\u0131\u011f\u0131nca ter\u00f6r su\u00e7undan aranan bir \u015fahs\u0131n yakalanmas\u0131na y\u00f6nelik koordineli \u00e7al\u0131\u015fma ba\u015flat\u0131ld\u0131. &#8220;Silahl\u0131 Ter\u00f6r \u00d6rg\u00fct\u00fcne \u00dcye Olma (FET\u00d6\/PDY)&#8221; su\u00e7undan aranan ve hakk\u0131nda 6&#8230;<\/p>\n","protected":false},"author":1,"featured_media":46013,"comment_status":"open","ping_status":"open","sticky":false,"template":"","format":"standard","meta":{"_crdt_document":"","footnotes":""},"categories":[5],"tags":[],"class_list":["post-46012","post","type-post","status-publish","format-standard","has-post-thumbnail","hentry","category-asayis"],"_links":{"self":[{"href":"https:\/\/www.egemtv.com\/index.php?rest_route=\/wp\/v2\/posts\/46012","targetHints":{"allow":["GET"]}}],"collection":[{"href":"https:\/\/www.egemtv.com\/index.php?rest_route=\/wp\/v2\/posts"}],"about":[{"href":"https:\/\/www.egemtv.com\/index.php?rest_route=\/wp\/v2\/types\/post"}],"author":[{"embeddable":true,"href":"https:\/\/www.egemtv.com\/index.php?rest_route=\/wp\/v2\/users\/1"}],"replies":[{"embeddable":true,"href":"https:\/\/www.egemtv.com\/index.php?rest_route=%2Fwp%2Fv2%2Fcomments&post=46012"}],"version-history":[{"count":1,"href":"https:\/\/www.egemtv.com\/index.php?rest_route=\/wp\/v2\/posts\/46012\/revisions"}],"predecessor-version":[{"id":46014,"href":"https:\/\/www.egemtv.com\/index.php?rest_route=\/wp\/v2\/posts\/46012\/revisions\/46014"}],"wp:featuredmedia":[{"embeddable":true,"href":"https:\/\/www.egemtv.com\/index.php?rest_route=\/wp\/v2\/media\/46013"}],"wp:attachment":[{"href":"https:\/\/www.egemtv.com\/index.php?rest_route=%2Fwp%2Fv2%2Fmedia&parent=46012"}],"wp:term":[{"taxonomy":"category","embeddable":true,"href":"https:\/\/www.egemtv.com\/index.php?rest_route=%2Fwp%2Fv2%2Fcategories&post=46012"},{"taxonomy":"post_tag","embeddable":true,"href":"https:\/\/www.egemtv.com\/index.php?rest_route=%2Fwp%2Fv2%2Ftags&post=46012"}],"curies":[{"name":"wp","href":"https:\/\/api.w.org\/{rel}","templated":true}]}}