{"id":46009,"date":"2025-08-01T10:14:47","date_gmt":"2025-08-01T07:14:47","guid":{"rendered":"https:\/\/www.egemtv.com\/?p=46009"},"modified":"2025-08-01T10:14:47","modified_gmt":"2025-08-01T07:14:47","slug":"ogrencilerle-firmalar-birlikte-calisti","status":"publish","type":"post","link":"https:\/\/www.egemtv.com\/?p=46009","title":{"rendered":"\u00d6\u011frencilerle firmalar birlikte \u00e7al\u0131\u015ft\u0131"},"content":{"rendered":"<p>\u0130zmir Ekonomi \u00dcniversitesi\u2019nde d\u00fczenlenen 17. \u2018\u00dcniversite-Sanayi \u0130\u015f Birli\u011fi\u2019 etkinli\u011fi, \u00f6\u011frenciler ile sekt\u00f6r temsilcilerini ayn\u0131 platformda bulu\u015fturarak lojistik alan\u0131ndaki g\u00fcncel sorunlara yenilik\u00e7i \u00e7\u00f6z\u00fcmler geli\u015ftirilmesine imkan sa\u011flad\u0131.<br \/>\n<br \/>\u0130zmir Ekonomi \u00dcniversitesi (\u0130E\u00dc) \u0130\u015fletme Fak\u00fcltesi Lojistik Y\u00f6netimi B\u00f6l\u00fcm\u00fc son s\u0131n\u0131f \u00f6\u011frencileri, bu y\u0131l 17\u2019ncisi d\u00fczenlenen \u2018\u00dcniversite-Sanayi \u0130\u015f Birli\u011fi\u2019 etkinli\u011finde geli\u015ftirdikleri projelerle lojistik problemlerine \u0131\u015f\u0131k tuttu. 6 grup halinde \u00e7al\u0131\u015fan \u00f6\u011frenciler; planlama, depolama, pazarlama ve ta\u015f\u0131mac\u0131l\u0131k gibi ger\u00e7ek hayatta kar\u015f\u0131la\u015f\u0131lan problemler i\u00e7in firma temsilcileri ve akademik dan\u0131\u015fmanlar e\u015fli\u011finde uygulanabilir \u00e7\u00f6z\u00fcm \u00f6nerileri geli\u015ftirdi. Talay Logistics, TotalEnergies, Boyner Grup, JTI T\u00fcrkiye, Barsan Global Logistics ve DSV-Global Transport and Logistics firmalar\u0131yla ortak projeler y\u00fcr\u00fcten gen\u00e7ler, teorik bilgilerini uygulama becerisine d\u00f6n\u00fc\u015ft\u00fcrme ve i\u015f d\u00fcnyas\u0131n\u0131 tan\u0131ma f\u0131rsat\u0131 buldu. \u0130E\u00dc Lojistik Y\u00f6netimi B\u00f6l\u00fcm\u00fc taraf\u0131ndan geleneksel hale getirilen etkinlikte, moderat\u00f6rl\u00fc\u011f\u00fcn\u00fc \u0130\u015fletme Fak\u00fcltesi Dekan\u0131 Prof. Dr. Burcu G\u00fcneri \u00c7angarl\u0131\u2019n\u0131n yapt\u0131\u011f\u0131 \u2018Lojistik End\u00fcstrisinde Giri\u015fimcilik Ekosistemi\u2019 temal\u0131 bir panel de ger\u00e7ekle\u015ftirildi. \u0130nci Holding Y\u00f6netim Kurulu \u00dcyesi Ne\u015fe G\u00f6k ve ShipsGo Kurucu Orta\u011f\u0131 Prof. Dr. Okan Tuna da panelist olarak etkinlikte yer ald\u0131.<br \/>\n<br \/>\u00c7al\u0131\u015fmalar sonunda firmalar i\u00e7in \u2018Karbon emisyonunun azalt\u0131lmas\u0131, \u2018Yurt i\u00e7i da\u011f\u0131t\u0131m rotalar\u0131n\u0131n optimizasyonu\u2019, \u2018Ma\u011fazalar aras\u0131 transfer s\u00fcre\u00e7lerinin iyile\u015ftirilmesi\u2019, \u2018G\u00fcney Avrupa\u2019da s\u00fcrd\u00fcr\u00fclebilirlik \u00e7er\u00e7evesi\u2019, \u2018Intermodal ta\u015f\u0131mac\u0131l\u0131k hizmetlerinin iyile\u015ftirilmesi\u2019 ve \u2018Sat\u0131\u015f ekibi performans\u0131n\u0131n iyile\u015ftirilmesi\u2019 adl\u0131 projeleri hayata ge\u00e7iren \u0130E\u00dc\u2019l\u00fc gen\u00e7ler, fikirleri ve e\u011fitim ald\u0131klar\u0131 alana olan hakimiyetleriyle dikkat \u00e7ekti. Etkinlikte, bir\u00e7ok firma taraf\u0131ndan tan\u0131t\u0131m masalar\u0131 a\u00e7\u0131ld\u0131 ve gen\u00e7ler CV\u2019lerini b\u0131rakma \u015fans\u0131 yakalad\u0131.<br \/>\n<br \/>\u0130E\u00dc Lojistik Y\u00f6netimi B\u00f6l\u00fcm Ba\u015fkan\u0131 Prof. Dr. \u00d6zg\u00fcr \u00d6zpeynirci, bu etkinli\u011fin sadece \u00f6\u011frencilerin mesleki geli\u015fimine de\u011fil, ayn\u0131 zamanda sekt\u00f6rle olan g\u00fc\u00e7l\u00fc ba\u011flar\u0131n peki\u015fmesine de b\u00fcy\u00fck katk\u0131 sa\u011flad\u0131\u011f\u0131n\u0131 s\u00f6yledi. Prof. Dr. \u00d6zpeynirci,  &#8220;\u00d6\u011frencilerimizin firmalarla do\u011frudan temas ederek deneyim kazanmalar\u0131, mezuniyet sonras\u0131 i\u015f d\u00fcnyas\u0131na daha h\u0131zl\u0131 adapte olmalar\u0131n\u0131 sa\u011flarken; firmalar i\u00e7in de taze bir bak\u0131\u015f a\u00e7\u0131s\u0131 ve yenilik\u00e7i fikirlerle bulu\u015fma f\u0131rsat\u0131 sa\u011fl\u0131yor. \u00d6\u011frencilerimiz, ortaya koydu\u011fu fikirler ve bak\u0131\u015f a\u00e7\u0131lar\u0131yla ne kadar iyi bir e\u011fitim ald\u0131klar\u0131n\u0131, i\u015f hayat\u0131na haz\u0131r olduklar\u0131n\u0131 kan\u0131tlad\u0131. Projelere katk\u0131 sunan t\u00fcm akademik dan\u0131\u015fmanlar\u0131m\u0131za, sekt\u00f6r temsilcilerine ve \u00f6zveriyle \u00e7al\u0131\u015fan \u00f6\u011frencilerimize te\u015fekk\u00fcr ederim. \u00dcniversite-sanayi i\u015f birli\u011finin en g\u00fc\u00e7l\u00fc \u00f6rneklerinden biri olan bu etkinli\u011fimizi, \u00f6n\u00fcm\u00fczdeki y\u0131llarda daha da b\u00fcy\u00fcterek devam ettirece\u011fiz&#8221; dedi.<\/p>\n<p>&#8220;\u0130zmir kilit rol oynuyor&#8221;<br \/>\n<br \/>Etkinli\u011fin bu seneki koordinat\u00f6r\u00fc Prof. Dr. I\u015f\u0131k \u00d6zge Yumurtac\u0131 H\u00fcseyino\u011flu ise bu t\u00fcr etkinliklerin \u0130zmir\u2019in lojistik ekosistemi a\u00e7\u0131s\u0131ndan da \u00e7ok \u00f6nemli oldu\u011funa dikkat \u00e7ekerek, &#8220;Gen\u00e7lerimizin \u00fcrettikleri \u00e7\u00f6z\u00fcm \u00f6nerileri; firmalar\u0131m\u0131z\u0131n operasyonel verimlili\u011finin artmas\u0131, kaynaklar\u0131n daha etkin kullan\u0131lmas\u0131 ve sekt\u00f6rdeki rekabet g\u00fcc\u00fcn\u00fcn desteklenmesi a\u00e7\u0131s\u0131ndan olduk\u00e7a verimli oldu. \u0130zmir, stratejik konumu ve geli\u015fmi\u015f lojistik altyap\u0131s\u0131yla T\u00fcrkiye\u2019nin d\u0131\u015f ticaretinde kilit bir rol oynuyor. \u00dcniversite olarak biz de bu potansiyeli destekleyecek nitelikli insan kayna\u011f\u0131n\u0131 yeti\u015ftiriyor, bilgi ve \u00e7\u00f6z\u00fcm \u00fcreten bir merkez olma misyonumuzu g\u00fc\u00e7lendirerek s\u00fcrd\u00fcr\u00fcyoruz. B\u00f6l\u00fcm olarak, \u0130zmir\u2019in lojistik gelece\u011fine y\u00f6n verecek somut ad\u0131mlar atmak en b\u00fcy\u00fck hedefimiz. Bu do\u011frultuda \u00e7al\u0131\u015fmalar\u0131m\u0131z\u0131 s\u00fcrd\u00fcrece\u011fiz&#8221; diye konu\u015ftu.<br \/><\/p>\n","protected":false},"excerpt":{"rendered":"<p>\u0130zmir Ekonomi \u00dcniversitesi\u2019nde d\u00fczenlenen 17. \u2018\u00dcniversite-Sanayi \u0130\u015f Birli\u011fi\u2019 etkinli\u011fi, \u00f6\u011frenciler ile sekt\u00f6r temsilcilerini ayn\u0131 platformda bulu\u015fturarak lojistik alan\u0131ndaki g\u00fcncel sorunlara yenilik\u00e7i \u00e7\u00f6z\u00fcmler geli\u015ftirilmesine imkan sa\u011flad\u0131. \u0130zmir Ekonomi \u00dcniversitesi (\u0130E\u00dc) \u0130\u015fletme Fak\u00fcltesi Lojistik Y\u00f6netimi B\u00f6l\u00fcm\u00fc son s\u0131n\u0131f \u00f6\u011frencileri, bu y\u0131l 17\u2019ncisi d\u00fczenlenen \u2018\u00dcniversite-Sanayi \u0130\u015f Birli\u011fi\u2019 etkinli\u011finde geli\u015ftirdikleri projelerle lojistik problemlerine \u0131\u015f\u0131k tuttu. 6 grup halinde \u00e7al\u0131\u015fan&#8230;<\/p>\n","protected":false},"author":1,"featured_media":46010,"comment_status":"open","ping_status":"open","sticky":false,"template":"","format":"standard","meta":{"_crdt_document":"","footnotes":""},"categories":[1],"tags":[],"class_list":["post-46009","post","type-post","status-publish","format-standard","has-post-thumbnail","hentry","category-guncel"],"_links":{"self":[{"href":"https:\/\/www.egemtv.com\/index.php?rest_route=\/wp\/v2\/posts\/46009","targetHints":{"allow":["GET"]}}],"collection":[{"href":"https:\/\/www.egemtv.com\/index.php?rest_route=\/wp\/v2\/posts"}],"about":[{"href":"https:\/\/www.egemtv.com\/index.php?rest_route=\/wp\/v2\/types\/post"}],"author":[{"embeddable":true,"href":"https:\/\/www.egemtv.com\/index.php?rest_route=\/wp\/v2\/users\/1"}],"replies":[{"embeddable":true,"href":"https:\/\/www.egemtv.com\/index.php?rest_route=%2Fwp%2Fv2%2Fcomments&post=46009"}],"version-history":[{"count":1,"href":"https:\/\/www.egemtv.com\/index.php?rest_route=\/wp\/v2\/posts\/46009\/revisions"}],"predecessor-version":[{"id":46011,"href":"https:\/\/www.egemtv.com\/index.php?rest_route=\/wp\/v2\/posts\/46009\/revisions\/46011"}],"wp:featuredmedia":[{"embeddable":true,"href":"https:\/\/www.egemtv.com\/index.php?rest_route=\/wp\/v2\/media\/46010"}],"wp:attachment":[{"href":"https:\/\/www.egemtv.com\/index.php?rest_route=%2Fwp%2Fv2%2Fmedia&parent=46009"}],"wp:term":[{"taxonomy":"category","embeddable":true,"href":"https:\/\/www.egemtv.com\/index.php?rest_route=%2Fwp%2Fv2%2Fcategories&post=46009"},{"taxonomy":"post_tag","embeddable":true,"href":"https:\/\/www.egemtv.com\/index.php?rest_route=%2Fwp%2Fv2%2Ftags&post=46009"}],"curies":[{"name":"wp","href":"https:\/\/api.w.org\/{rel}","templated":true}]}}