{"id":46006,"date":"2025-08-01T10:14:46","date_gmt":"2025-08-01T07:14:46","guid":{"rendered":"https:\/\/www.egemtv.com\/?p=46006"},"modified":"2025-08-01T10:14:47","modified_gmt":"2025-08-01T07:14:47","slug":"sehit-jandarma-er-altun-mezari-basinda-anildi","status":"publish","type":"post","link":"https:\/\/www.egemtv.com\/?p=46006","title":{"rendered":"\u015eehit jandarma er Altun mezar\u0131 ba\u015f\u0131nda an\u0131ld\u0131"},"content":{"rendered":"<p>Batman\u2019da vatani g\u00f6revini yapt\u0131\u011f\u0131 s\u0131rada \u015fehit olan Jandarma Er Olcay Altun \u015fehadetinin y\u0131l d\u00f6n\u00fcm\u00fcnde Ayd\u0131n\u2019\u0131n Karacasu il\u00e7esindeki mezar\u0131 ba\u015f\u0131nda an\u0131ld\u0131.<br \/>\n<br \/>Sason \u0130l\u00e7e Jandarma B\u00f6l\u00fck Komutanl\u0131\u011f\u0131 emrinde vatani g\u00f6revini yapt\u0131\u011f\u0131 s\u0131rada, b\u00f6l\u00fcc\u00fc ter\u00f6r \u00f6rg\u00fct\u00fc ile girdi\u011fi \u00e7at\u0131\u015fmada 1 A\u011fustos 1985 y\u0131l\u0131nda \u015fehit olan Jandarma Er Olcay Altun \u015fehadetinin y\u0131l d\u00f6n\u00fcm\u00fcnde mezar\u0131 ba\u015f\u0131nda an\u0131ld\u0131. Karacasu Kaymakam\u0131 Mehmet G\u00fcndo\u011fdu ve Karacasu Belediye Ba\u015fkan Vekili H\u00fcseyin I\u015f\u0131kl\u0131 ile protokol \u00fcyeleri \u015fehidin mezar\u0131 ba\u015f\u0131nda dualar okudu. Ard\u0131ndan \u015fehidin kabrine karanfiller b\u0131rak\u0131ld\u0131.<br \/>\n<br \/>Anma t\u00f6reni ile ilgili Karacasu Belediyesi\u2019nden yap\u0131lan a\u00e7\u0131klamada &#8220;\u015eehidimiz J. Er Olcay Altun, \u015fehadetinin y\u0131l d\u00f6n\u00fcm\u00fcnde kabri ba\u015f\u0131nda an\u0131ld\u0131. Sason \u0130l\u00e7e Jandarma B\u00f6l\u00fck Komutanl\u0131\u011f\u0131 (Sason\/Batman) emrinde vatani g\u00f6revini ifa etti\u011fi s\u0131rada, b\u00f6l\u00fcc\u00fc ter\u00f6r \u00f6rg\u00fct\u00fc ile \u00e7\u0131kan \u00e7at\u0131\u015fmada 1 A\u011fustos 1985 tarihinde \u015fehit olan Jandarma Er Olcay Altun, \u015fehadetinin y\u0131l d\u00f6n\u00fcm\u00fcnde dualarla an\u0131ld\u0131. D\u00fczenlenen anma program\u0131, Kaymakam\u0131m\u0131z Mehmet G\u00fcndo\u011fdu, Belediye Ba\u015fkan Vekilimiz H\u00fcseyin I\u015f\u0131kl\u0131, protokol \u00fcyeleri ve \u015fehidimizin k\u0131ymetli ailesinin kat\u0131l\u0131mlar\u0131yla ger\u00e7ekle\u015ftirildi. Vatan u\u011fruna can\u0131n\u0131 feda eden aziz \u015fehidimizi rahmet, minnet ve \u015f\u00fckranla an\u0131yoruz&#8221; ifadeleri yer ald\u0131.<br \/><\/p>\n","protected":false},"excerpt":{"rendered":"<p>Batman\u2019da vatani g\u00f6revini yapt\u0131\u011f\u0131 s\u0131rada \u015fehit olan Jandarma Er Olcay Altun \u015fehadetinin y\u0131l d\u00f6n\u00fcm\u00fcnde Ayd\u0131n\u2019\u0131n Karacasu il\u00e7esindeki mezar\u0131 ba\u015f\u0131nda an\u0131ld\u0131. Sason \u0130l\u00e7e Jandarma B\u00f6l\u00fck Komutanl\u0131\u011f\u0131 emrinde vatani g\u00f6revini yapt\u0131\u011f\u0131 s\u0131rada, b\u00f6l\u00fcc\u00fc ter\u00f6r \u00f6rg\u00fct\u00fc ile girdi\u011fi \u00e7at\u0131\u015fmada 1 A\u011fustos 1985 y\u0131l\u0131nda \u015fehit olan Jandarma Er Olcay Altun \u015fehadetinin y\u0131l d\u00f6n\u00fcm\u00fcnde mezar\u0131 ba\u015f\u0131nda an\u0131ld\u0131. Karacasu Kaymakam\u0131 Mehmet&#8230;<\/p>\n","protected":false},"author":1,"featured_media":46007,"comment_status":"open","ping_status":"open","sticky":false,"template":"","format":"standard","meta":{"_crdt_document":"","footnotes":""},"categories":[1],"tags":[],"class_list":["post-46006","post","type-post","status-publish","format-standard","has-post-thumbnail","hentry","category-guncel"],"_links":{"self":[{"href":"https:\/\/www.egemtv.com\/index.php?rest_route=\/wp\/v2\/posts\/46006","targetHints":{"allow":["GET"]}}],"collection":[{"href":"https:\/\/www.egemtv.com\/index.php?rest_route=\/wp\/v2\/posts"}],"about":[{"href":"https:\/\/www.egemtv.com\/index.php?rest_route=\/wp\/v2\/types\/post"}],"author":[{"embeddable":true,"href":"https:\/\/www.egemtv.com\/index.php?rest_route=\/wp\/v2\/users\/1"}],"replies":[{"embeddable":true,"href":"https:\/\/www.egemtv.com\/index.php?rest_route=%2Fwp%2Fv2%2Fcomments&post=46006"}],"version-history":[{"count":1,"href":"https:\/\/www.egemtv.com\/index.php?rest_route=\/wp\/v2\/posts\/46006\/revisions"}],"predecessor-version":[{"id":46008,"href":"https:\/\/www.egemtv.com\/index.php?rest_route=\/wp\/v2\/posts\/46006\/revisions\/46008"}],"wp:featuredmedia":[{"embeddable":true,"href":"https:\/\/www.egemtv.com\/index.php?rest_route=\/wp\/v2\/media\/46007"}],"wp:attachment":[{"href":"https:\/\/www.egemtv.com\/index.php?rest_route=%2Fwp%2Fv2%2Fmedia&parent=46006"}],"wp:term":[{"taxonomy":"category","embeddable":true,"href":"https:\/\/www.egemtv.com\/index.php?rest_route=%2Fwp%2Fv2%2Fcategories&post=46006"},{"taxonomy":"post_tag","embeddable":true,"href":"https:\/\/www.egemtv.com\/index.php?rest_route=%2Fwp%2Fv2%2Ftags&post=46006"}],"curies":[{"name":"wp","href":"https:\/\/api.w.org\/{rel}","templated":true}]}}